{"id":4854,"date":"2024-05-08T12:04:12","date_gmt":"2024-05-08T10:04:12","guid":{"rendered":"https:\/\/serbenidorm.daliisolutions.com\/index.php\/2024\/05\/08\/piden-cinco-anos-de-carcel-para-un-hombre-acusado-de-violar-a-una-mujer-en-benidorm\/"},"modified":"2024-05-08T12:04:12","modified_gmt":"2024-05-08T10:04:12","slug":"piden-cinco-anos-de-carcel-para-un-hombre-acusado-de-violar-a-una-mujer-en-benidorm","status":"publish","type":"post","link":"https:\/\/serbenidorm.daliisolutions.com\/index.php\/2024\/05\/08\/piden-cinco-anos-de-carcel-para-un-hombre-acusado-de-violar-a-una-mujer-en-benidorm\/","title":{"rendered":"Piden cinco a\u00f1os de c\u00e1rcel para un hombre acusado de violar a una mujer en Benidorm"},"content":{"rendered":"  <p>Benidorm<\/p>   <p>Este mi\u00e9rcoles est\u00e1 previsto el inicio en la Audiencia Provincial de Alicante el juicio a un hombre acusado de violar a una mujer que hab\u00eda conocido en un pub de Benidorm, seg\u00fan ha informado el Tribunal Superior de Justicia de la Comunitat Valenciana (TSJCV).<\/p>   <p>La Fiscal\u00eda mantiene que una noche de septiembre de 2019 el procesado coincidi\u00f3 con la v\u00edctima en el interior del local y comenzaron a bailar. <a href=\"https:\/\/cadenaser.com\/tag\/benidorm\/a\/\" target=\"_blank\" rel=\"noopener\">A continuaci\u00f3n, el hombre le propuso salir a la calle para fumar un cigarro y comenz\u00f3 a llover por lo que acudieron al portal de un edificio para refugiarse<\/a>.<\/p>  <p><figure><img decoding=\"async\" src=\"https:\/\/cadenaser.com\/resizer\/7AHyFvAOuZo12IXESKU47cKVA4I=\/650x366\/filters:quality(70)\/cloudfront-eu-central-1.images.arcpublishing.com\/prisaradio\/4UXOD2J24BFBZCBGUCJKDFKTDY.jpg\" loading=\"lazy\" width=\"240\" height=\"135\" \/><\/figure><div><a href=\"https:\/\/cadenaser.com\/comunitat-valenciana\/2024\/05\/07\/juzgan-al-encargado-de-una-gasolinera-de-la-nucia-por-acosar-sexualmente-a-una-empleada-radio-benidorm\/\">Juzgan al encargado de una gasolinera de La Nuc\u00eda por acosar sexualmente a una empleada<\/a><p><\/p><\/div><\/p>   <p>Entonces el encausado agarr\u00f3 del pelo a la mujer y la hizo subir a la segunda planta donde la oblig\u00f3 a mantener relaciones sexuales, pese a su negativa. La acusaci\u00f3n p\u00fablica pide para \u00e9l cinco a\u00f1os de prisi\u00f3n por un delito agresi\u00f3n sexual.<\/p> ","protected":false},"excerpt":{"rendered":"<p>Ocurri\u00f3 en 2019 a la salida de un pub<\/p>\n","protected":false},"author":0,"featured_media":4855,"comment_status":"open","ping_status":"open","sticky":false,"template":"","format":"standard","meta":{"_acf_changed":false,"footnotes":""},"categories":[1],"tags":[],"class_list":["post-4854","post","type-post","status-publish","format-standard","has-post-thumbnail","hentry","category-sin-categoria"],"acf":{"ser_id":"R7E7RN6V2NATZEHUDTAPUBVRCM","ser_url":"https:\/\/cadenaser.com\/comunitat-valenciana\/2024\/05\/08\/piden-cinco-anos-de-carcel-para-un-hombre-acusado-de-violar-a-una-mujer-en-benidorm-radio-benidorm\/"},"_links":{"self":[{"href":"https:\/\/serbenidorm.daliisolutions.com\/index.php\/wp-json\/wp\/v2\/posts\/4854","targetHints":{"allow":["GET"]}}],"collection":[{"href":"https:\/\/serbenidorm.daliisolutions.com\/index.php\/wp-json\/wp\/v2\/posts"}],"about":[{"href":"https:\/\/serbenidorm.daliisolutions.com\/index.php\/wp-json\/wp\/v2\/types\/post"}],"replies":[{"embeddable":true,"href":"https:\/\/serbenidorm.daliisolutions.com\/index.php\/wp-json\/wp\/v2\/comments?post=4854"}],"version-history":[{"count":0,"href":"https:\/\/serbenidorm.daliisolutions.com\/index.php\/wp-json\/wp\/v2\/posts\/4854\/revisions"}],"wp:featuredmedia":[{"embeddable":true,"href":"https:\/\/serbenidorm.daliisolutions.com\/index.php\/wp-json\/wp\/v2\/media\/4855"}],"wp:attachment":[{"href":"https:\/\/serbenidorm.daliisolutions.com\/index.php\/wp-json\/wp\/v2\/media?parent=4854"}],"wp:term":[{"taxonomy":"category","embeddable":true,"href":"https:\/\/serbenidorm.daliisolutions.com\/index.php\/wp-json\/wp\/v2\/categories?post=4854"},{"taxonomy":"post_tag","embeddable":true,"href":"https:\/\/serbenidorm.daliisolutions.com\/index.php\/wp-json\/wp\/v2\/tags?post=4854"}],"curies":[{"name":"wp","href":"https:\/\/api.w.org\/{rel}","templated":true}]}}