{"id":4859,"date":"2024-05-08T19:18:09","date_gmt":"2024-05-08T17:18:09","guid":{"rendered":"https:\/\/serbenidorm.daliisolutions.com\/index.php\/2024\/05\/08\/benidorm-apoyara-a-nebulossa-en-eurovision-organizando-una-fiesta-para-mas-de-4-000-personas\/"},"modified":"2024-05-08T19:18:09","modified_gmt":"2024-05-08T17:18:09","slug":"benidorm-apoyara-a-nebulossa-en-eurovision-organizando-una-fiesta-para-mas-de-4-000-personas","status":"publish","type":"post","link":"https:\/\/serbenidorm.daliisolutions.com\/index.php\/2024\/05\/08\/benidorm-apoyara-a-nebulossa-en-eurovision-organizando-una-fiesta-para-mas-de-4-000-personas\/","title":{"rendered":"Benidorm apoyar\u00e1 a Nebulossa en Eurovisi\u00f3n organizando una fiesta para m\u00e1s de 4.000 personas"},"content":{"rendered":"  <p>Benidorm<\/p>   <p>El Ayuntamiento de Benidorm ha decidido trasladar la retransmisi\u00f3n del Festival de Eurovisi\u00f3n de la Plaza de la Hispanidad, donde se ven\u00eda realizando, al Auditorio Julio Iglesias del Parque de l\u2019Aig\u00fcera para aumentar el aforo y <a href=\"https:\/\/cadenaser.com\/comunitat-valenciana\/2024\/04\/03\/asi-es-la-fiesta-que-prepara-benidorm-para-seguir-la-final-de-eurovision-radio-benidorm\/\" target=\"_blank\" rel=\"noopener\">convertir el evento en una gran fiesta.<\/a><\/p>   <p>El pr\u00f3ximo s\u00e1bado 11 de mayo, coincidiendo con la final de Eurovision, Benidorm celebrara una gran fiesta del Euroclub para apoyar a los ganadores del <a href=\"https:\/\/cadenaser.com\/comunitat-valenciana\/2024\/02\/03\/horario-orden-de-actuacion-y-donde-ver-la-final-del-benidorm-fest-2024-radio-benidorm\/\" target=\"_blank\" rel=\"noopener\">Benidorm Fest<\/a>, los alicantinos Nebulossa con su tema Zorra, en su aventura eurovisiva.<\/p>  <p><p>M\u00e1s informaci\u00f3n<\/p><figure><img decoding=\"async\" src=\"https:\/\/cadenaser.com\/resizer\/GM9MTDtUUBDOAnbNh-gZw1NxozA=\/650x366\/filters:quality(70)\/cloudfront-eu-central-1.images.arcpublishing.com\/prisaradio\/SGPLDTLJDVBA7J7IIHAW6KRGIY.jpg\" loading=\"lazy\" width=\"828\" height=\"621\" \/><\/figure><ul><li><a href=\"https:\/\/cadenaser.com\/comunitat-valenciana\/2024\/04\/24\/los-doce-puntos-de-espana-en-eurovision-por-tercer-ano-desde-benidorm-radio-benidorm\/\">Los doce puntos de Espa\u00f1a en Eurovisi\u00f3n, por tercer a\u00f1o desde Benidorm<\/a><\/li><\/ul><\/p>   <p>\u201cHemos convertido la fiesta en un festival en el que, adem\u00e1s de pantallas gigantes para ver la final, habr\u00e1 conciertos, ambientaci\u00f3n y food trucks para el disfrute de todos los eurofans\u201d ha explicado en Hoy por Hoy Benidorm el edil de Eventos, Jes\u00fas Carrobles, quien se encuentra en Malmo para promocionar el <a href=\"https:\/\/cadenaser.com\/comunitat-valenciana\/2024\/01\/10\/el-benidorm-fest-acudira-al-festival-de-san-remo-para-cerrar-una-colaboracion-entre-ambos-eventos-radio-benidorm\/\" target=\"_blank\" rel=\"noopener\">Benidorm Fest.<\/a><\/p>   <p>La organizaci\u00f3n espera que m\u00e1s de 4.000 personas se den cita en el Auditorio Julio Iglesias para vivir Eurovisi\u00f3n en una jornada que arrancar\u00e1 en Benidorm a las 16:00 horas con conciertos de artistas como Sof\u00eda Mart\u00edn, Jos\u00e9 Otero, Noan, Mantra, Sharonne, Sofia Coll y Blanca Paloma. \u201cSe trata de un recinto m\u00e1s c\u00f3modo para todos y que nos permite una realizaci\u00f3n m\u00e1s f\u00e1cil, adem\u00e1s de aumentar aforo. <a href=\"https:\/\/cadenaser.com\/comunitat-valenciana\/2024\/02\/05\/el-ayuntamiento-busca-a-medio-plazo-una-nueva-ubicacion-para-el-benidorm-fest-radio-benidorm\/\" target=\"_blank\" rel=\"noopener\">Tenemos capacidad para 4.600 personas y creemos que vamos a llenar\u201d, se\u00f1ala el edil.<\/a><\/p>   <p>Conexi\u00f3n con Malm\u00f6<\/p>   <p>A la hora del festival se conectar\u00e1 con Malm\u00f6 para que los presentes puedan seguir la gran final a trav\u00e9s de tres pantallas gigantes y, una vez finalizada la gala, continuar\u00e1 la fiesta en el Parque de L\u2019Aiguera con la actuaci\u00f3n de Djs.<\/p>   <p>Adem\u00e1s, en el propio recinto del Parque de l\u2019Aig\u00fcera se instalar\u00e1n \u00e1reas destinadas a \u2018FanZone\u2019, \u2018Food truck\u2019, merchandising y relax para que los asistentes disfruten al m\u00e1ximo de los espect\u00e1culos. La fiesta tendr\u00e1 entrada gratuita y limitada al aforo.<\/p>   <p>Tal y como ha se\u00f1alado Carrobles a Radio Benidorm \u201cdesde que echamos a andar con el Benidorm Fest, Eurovisi\u00f3n, para Espa\u00f1a, ha cogido una importancia que antes no ten\u00eda. Ha subido en repercusi\u00f3n a nivel nacional y nosotros <a href=\"https:\/\/cadenaser.com\/comunitat-valenciana\/2024\/02\/08\/el-benidorm-fest-desembarca-en-sanremo-para-explorar-una-colaboracion-radio-benidorm\/\" target=\"_blank\" rel=\"noopener\">estamos orgullosos de que la marca del Benidorm Fest crezca poco a poco pero con paso firme.<\/a> Hay mucha gente que nos ha dicho que no pueden ir a Malm\u00f6 y que van a venir a Benidorm para vivir el festival\u201d.<\/p>   <p><p><strong>Sigue el canal de la SER en WhatsApp<\/strong><br \/>Encontrar\u00e1s toda la informaci\u00f3n, el deporte y el entretenimiento: la actualidad del d\u00eda y las noticias de \u00faltima hora, los mejores v\u00eddeos y momentos de la radio, entrevistas, reportajes y mucho m\u00e1s.<\/p><a href=\"https:\/\/www.whatsapp.com\/channel\/0029Va633PF9WtC4l7XUzh1e\" title=\"Suscr\u00edbete\">Suscr\u00edbete ahora<\/a><\/p> ","protected":false},"excerpt":{"rendered":"<p> El Parque de L&#8217;Aig\u00fcera tendr\u00e1 el s\u00e1bado pantallas gigantes para ver la final, conciertos, fan zone, animaci\u00f3n, food trucks y zona relax desde las 16:00 horas<\/p>\n","protected":false},"author":0,"featured_media":4860,"comment_status":"open","ping_status":"open","sticky":false,"template":"","format":"standard","meta":{"_acf_changed":false,"footnotes":""},"categories":[1],"tags":[],"class_list":["post-4859","post","type-post","status-publish","format-standard","has-post-thumbnail","hentry","category-sin-categoria"],"acf":{"ser_id":"TTC77AO22FBMXH23BJZRHYSDVU","ser_url":"https:\/\/cadenaser.com\/comunitat-valenciana\/2024\/05\/08\/benidorm-apoyara-a-nebulossa-en-eurovision-organizando-una-fiesta-del-euroclub-para-4000-personas-radio-benidorm\/"},"_links":{"self":[{"href":"https:\/\/serbenidorm.daliisolutions.com\/index.php\/wp-json\/wp\/v2\/posts\/4859","targetHints":{"allow":["GET"]}}],"collection":[{"href":"https:\/\/serbenidorm.daliisolutions.com\/index.php\/wp-json\/wp\/v2\/posts"}],"about":[{"href":"https:\/\/serbenidorm.daliisolutions.com\/index.php\/wp-json\/wp\/v2\/types\/post"}],"replies":[{"embeddable":true,"href":"https:\/\/serbenidorm.daliisolutions.com\/index.php\/wp-json\/wp\/v2\/comments?post=4859"}],"version-history":[{"count":0,"href":"https:\/\/serbenidorm.daliisolutions.com\/index.php\/wp-json\/wp\/v2\/posts\/4859\/revisions"}],"wp:featuredmedia":[{"embeddable":true,"href":"https:\/\/serbenidorm.daliisolutions.com\/index.php\/wp-json\/wp\/v2\/media\/4860"}],"wp:attachment":[{"href":"https:\/\/serbenidorm.daliisolutions.com\/index.php\/wp-json\/wp\/v2\/media?parent=4859"}],"wp:term":[{"taxonomy":"category","embeddable":true,"href":"https:\/\/serbenidorm.daliisolutions.com\/index.php\/wp-json\/wp\/v2\/categories?post=4859"},{"taxonomy":"post_tag","embeddable":true,"href":"https:\/\/serbenidorm.daliisolutions.com\/index.php\/wp-json\/wp\/v2\/tags?post=4859"}],"curies":[{"name":"wp","href":"https:\/\/api.w.org\/{rel}","templated":true}]}}