{"id":4861,"date":"2024-05-08T19:18:09","date_gmt":"2024-05-08T17:18:09","guid":{"rendered":"https:\/\/serbenidorm.daliisolutions.com\/index.php\/2024\/05\/08\/mas-de-500-personas-han-participado-ya-en-el-debate-sobre-las-viviendas-turisticas-en-altea-empresarios-y-vecinos-siguen-sin-coincidir\/"},"modified":"2024-05-08T19:18:09","modified_gmt":"2024-05-08T17:18:09","slug":"mas-de-500-personas-han-participado-ya-en-el-debate-sobre-las-viviendas-turisticas-en-altea-empresarios-y-vecinos-siguen-sin-coincidir","status":"publish","type":"post","link":"https:\/\/serbenidorm.daliisolutions.com\/index.php\/2024\/05\/08\/mas-de-500-personas-han-participado-ya-en-el-debate-sobre-las-viviendas-turisticas-en-altea-empresarios-y-vecinos-siguen-sin-coincidir\/","title":{"rendered":"M\u00e1s de 500 personas han participado ya en el debate sobre las viviendas tur\u00edsticas en Altea: empresarios y vecinos siguen sin coincidir"},"content":{"rendered":"  <p>Altea<\/p>   <p>Las viviendas tur\u00edsticas a debate en Altea despu\u00e9s de que el ayuntamiento paralizase la concesi\u00f3n de licencias el pasado mes de enero cuando cerca del 13 % del total del parque p\u00fablico ya estaba formado por alojamientos legalizados de este tipo. 500 personas han participado hasta la fecha en las encuestas y talleres activados por el gobierno de la villa blanca para regular el tema, aunque empresarios y vecinos siguen sin coincidir en el diagn\u00f3stico.<\/p>   <p>El concejal de Urbanismo, Jos\u00e9 Orozco, ha explicado que <a href=\"https:\/\/cadenaser.com\/tag\/altea\/a\/\" target=\"_blank\" rel=\"noopener\">\u00abla gente del sector defiende la desestacionalizaci\u00f3n que est\u00e1 promoviendo la vivienda tur\u00edstica, pero mucha otra gente habla de la limitada capacidad de carga del municipio, de que los recursos no son ilimitados y de que hay un problema social importante de acceso a la vivienda\u00bb<\/a>.<\/p>   <p>\u00abEn el momento que una vivienda pasa a ser tur\u00edstica el uso residencial se transforma a terciario y deja de formar parte de ese stock en el que la gente de Altea consegu\u00eda vivienda asequible\u00bb, ha a\u00f1adido antes de detallar que todav\u00eda estamos en un momento de diagn\u00f3stico y presentaci\u00f3n de propuestas previo a discutir a partir del 22 de mayo todas estas ideas \u00abpara afinarlas\u00bb y finalmente aplicarlas.<\/p>  <p><p class=\"tit\"><span>Hora 14 Benidorm (08\/05\/2024)<\/span><\/p> <p class=\"emb\"><iframe loading=\"lazy\" src=\"https:\/\/cadenaser.com\/embed\/audio\/460\/cadenaser_benidorm_hora14benidorm_20240508_141700_143000\/\" width=\"100%\" height=\"360\" frameborder=\"0\" allowfullscreen><\/iframe><\/p><\/p>   <p>Encuestas y talleres con una amplia representaci\u00f3n social<\/p>   <p>Seg\u00fan los datos ofrecidos por la empresa GEOINNOVA, encargada de la elaboraci\u00f3n del estudio, han participado en los talleres m\u00e1s de 125 personas; 19 organizaciones, incluidas las m\u00e1s representativas del sector tur\u00edstico del alojamiento, como son APTUR y HOSBEC, adem\u00e1s de la principal del turismo residencial, como es PROVIA. <\/p>  <p><p>M\u00e1s informaci\u00f3n<\/p><figure><img decoding=\"async\" src=\"https:\/\/cadenaser.com\/resizer\/qKFftYWipEi3HyW-JZu0Y04w-Y8=\/650x366\/filters:quality(70)\/cloudfront-eu-central-1.images.arcpublishing.com\/prisaradio\/IPSFK2KPSRFZPIHDE7EE2CCV7U.jpg\" loading=\"lazy\" width=\"828\" height=\"621\" \/><\/figure><ul><li><a href=\"https:\/\/cadenaser.com\/comunitat-valenciana\/2024\/05\/07\/estas-son-las-11-playas-de-la-marina-baixa-con-bandera-azul-este-2024-benidorm-recupera-dos-y-la-vila-joiosa-se-lleva-la-palma-radio-benidorm\/\">Estas son las 11 playas de la Marina Baixa con Bandera Azul este 2024: tres son de Altea<\/a><\/li><\/ul><\/p>   <p>Tambi\u00e9n ha participado CCOO, as\u00ed como 12 asociaciones locales; miembros del Consejo de Participaci\u00f3n Ciudadana de Altea y sus consejos sectoriales y gran parte de los concejales de todos los grupos de la Corporaci\u00f3n Municipal. Asimismo, a trav\u00e9s de las encuestas han participado m\u00e1s de 400 personas.<\/p>   <p>La encuesta de diagn\u00f3stico no se ha cerrado y permanecer\u00e1 abierta hasta el 15 de mayo en la web, <a href=\"https:\/\/estudiovutaltea.geoinnova.org\/\" rel=\"nofollow\"><u>https:\/\/estudiovutaltea.geoinnova.org\/<\/u><\/a><u>, <\/u>donde se dispone del formulario digital y su versi\u00f3n descargable, para imprimir y entregar en mano en el propio consistorio \u00abcon el fin de poder evitar as\u00ed la barrera digital\u00bb.<\/p> ","protected":false},"excerpt":{"rendered":"<p>Las encuestas y talleres de la fase de diagn\u00f3stico concluyen el 15 de marzo<\/p>\n","protected":false},"author":0,"featured_media":4862,"comment_status":"open","ping_status":"open","sticky":false,"template":"","format":"standard","meta":{"_acf_changed":false,"footnotes":""},"categories":[1],"tags":[],"class_list":["post-4861","post","type-post","status-publish","format-standard","has-post-thumbnail","hentry","category-sin-categoria"],"acf":{"ser_id":"MNKRZOGTSZGVFKU2SZZMDNVZKQ","ser_url":"https:\/\/cadenaser.com\/comunitat-valenciana\/2024\/05\/08\/mas-de-500-personas-han-participado-ya-en-el-debate-sobre-las-viviendas-turisticas-en-altea-empresarios-y-vecinos-siguen-sin-coincidir-radio-benidorm\/"},"_links":{"self":[{"href":"https:\/\/serbenidorm.daliisolutions.com\/index.php\/wp-json\/wp\/v2\/posts\/4861","targetHints":{"allow":["GET"]}}],"collection":[{"href":"https:\/\/serbenidorm.daliisolutions.com\/index.php\/wp-json\/wp\/v2\/posts"}],"about":[{"href":"https:\/\/serbenidorm.daliisolutions.com\/index.php\/wp-json\/wp\/v2\/types\/post"}],"replies":[{"embeddable":true,"href":"https:\/\/serbenidorm.daliisolutions.com\/index.php\/wp-json\/wp\/v2\/comments?post=4861"}],"version-history":[{"count":0,"href":"https:\/\/serbenidorm.daliisolutions.com\/index.php\/wp-json\/wp\/v2\/posts\/4861\/revisions"}],"wp:featuredmedia":[{"embeddable":true,"href":"https:\/\/serbenidorm.daliisolutions.com\/index.php\/wp-json\/wp\/v2\/media\/4862"}],"wp:attachment":[{"href":"https:\/\/serbenidorm.daliisolutions.com\/index.php\/wp-json\/wp\/v2\/media?parent=4861"}],"wp:term":[{"taxonomy":"category","embeddable":true,"href":"https:\/\/serbenidorm.daliisolutions.com\/index.php\/wp-json\/wp\/v2\/categories?post=4861"},{"taxonomy":"post_tag","embeddable":true,"href":"https:\/\/serbenidorm.daliisolutions.com\/index.php\/wp-json\/wp\/v2\/tags?post=4861"}],"curies":[{"name":"wp","href":"https:\/\/api.w.org\/{rel}","templated":true}]}}