{"id":4904,"date":"2024-05-09T14:47:19","date_gmt":"2024-05-09T12:47:19","guid":{"rendered":"https:\/\/serbenidorm.daliisolutions.com\/index.php\/2024\/05\/09\/hoy-por-hoy-benidorm-celebra-el-dia-de-europa-en-lalfas-del-pi\/"},"modified":"2024-05-09T14:47:19","modified_gmt":"2024-05-09T12:47:19","slug":"hoy-por-hoy-benidorm-celebra-el-dia-de-europa-en-lalfas-del-pi","status":"publish","type":"post","link":"https:\/\/serbenidorm.daliisolutions.com\/index.php\/2024\/05\/09\/hoy-por-hoy-benidorm-celebra-el-dia-de-europa-en-lalfas-del-pi\/","title":{"rendered":"Hoy por Hoy Benidorm celebra el D\u00eda de Europa en l&#8217;Alf\u00e0s del Pi"},"content":{"rendered":"  <p>L&#8217;Alf\u00e0s del Pi<\/p>   <p>La de este jueves ha sido una ma\u00f1ana de acentos, muchos y distintos acentos que han sonado en la antena de <a href=\"https:\/\/cadenaser.com\/tag\/benidorm\/a\/\" target=\"_blank\" rel=\"noopener\">Radio Benidorm<\/a> durante un programa especial realizado <a href=\"https:\/\/cadenaser.com\/tag\/lalfas_del_pi\/a\/\" target=\"_blank\" rel=\"noopener\">desde la Casa de Cultura de l&#8217;Alf\u00e0s del Pi<\/a>. Un recinto que al tiempo acog\u00eda el acto institucional con motivo del D\u00eda de Europa.<\/p>   <p>El 9 de mayo es el aniversario de la hist\u00f3rica \u2018declaraci\u00f3n de Schuman\u2019, discurso pronunciado en Par\u00eds en 1950 por el entonces ministro franc\u00e9s de Asuntos Exteriores, Robert Schuman, en el que expuso su idea de una nueva forma de cooperaci\u00f3n pol\u00edtica en Europa que hiciera impensable una nueva guerra entre las naciones europeas.<\/p>   <p>El alcalde de l\u2019Alf\u00e0s, Vicente Arques, ha querido destacar en<a href=\"https:\/\/cadenaser.com\/tag\/comarca_la_marina_baixa\/a\/\" target=\"_blank\" rel=\"noopener\"> Hoy por Hoy Benidorm<\/a> la doble vertiente econ\u00f3mica y social de esta jornada festiva y reivindicativa, apelando a la unidad de los miembros de la UE, y recordando que l\u2019Alf\u00e0s trabaja por la plena integraci\u00f3n y convivencia ciudadana desde hace ya varias d\u00e9cadas, para posicionarse como una localidad inclusiva<b>.<\/b><\/p> ","protected":false},"excerpt":{"rendered":"<p>El 60 % de los residentes de l&#8217;Alf\u00e0s proceden de otras nacionalidades | Su alcalde Vicente Arques defiende que estas efem\u00e9rides sirven para \u00abponerlo en valor\u00bb<\/p>\n","protected":false},"author":0,"featured_media":4905,"comment_status":"open","ping_status":"open","sticky":false,"template":"","format":"standard","meta":{"_acf_changed":false,"footnotes":""},"categories":[1],"tags":[],"class_list":["post-4904","post","type-post","status-publish","format-standard","has-post-thumbnail","hentry","category-sin-categoria"],"acf":{"ser_id":"EMJDSD4D65D7DJLM3PMMXVFTNI","ser_url":"https:\/\/cadenaser.com\/comunitat-valenciana\/2024\/05\/09\/hoy-por-hoy-benidorm-celebra-el-dia-de-europa-en-lalfas-del-pi-radio-benidorm\/"},"_links":{"self":[{"href":"https:\/\/serbenidorm.daliisolutions.com\/index.php\/wp-json\/wp\/v2\/posts\/4904","targetHints":{"allow":["GET"]}}],"collection":[{"href":"https:\/\/serbenidorm.daliisolutions.com\/index.php\/wp-json\/wp\/v2\/posts"}],"about":[{"href":"https:\/\/serbenidorm.daliisolutions.com\/index.php\/wp-json\/wp\/v2\/types\/post"}],"replies":[{"embeddable":true,"href":"https:\/\/serbenidorm.daliisolutions.com\/index.php\/wp-json\/wp\/v2\/comments?post=4904"}],"version-history":[{"count":0,"href":"https:\/\/serbenidorm.daliisolutions.com\/index.php\/wp-json\/wp\/v2\/posts\/4904\/revisions"}],"wp:featuredmedia":[{"embeddable":true,"href":"https:\/\/serbenidorm.daliisolutions.com\/index.php\/wp-json\/wp\/v2\/media\/4905"}],"wp:attachment":[{"href":"https:\/\/serbenidorm.daliisolutions.com\/index.php\/wp-json\/wp\/v2\/media?parent=4904"}],"wp:term":[{"taxonomy":"category","embeddable":true,"href":"https:\/\/serbenidorm.daliisolutions.com\/index.php\/wp-json\/wp\/v2\/categories?post=4904"},{"taxonomy":"post_tag","embeddable":true,"href":"https:\/\/serbenidorm.daliisolutions.com\/index.php\/wp-json\/wp\/v2\/tags?post=4904"}],"curies":[{"name":"wp","href":"https:\/\/api.w.org\/{rel}","templated":true}]}}