{"id":4932,"date":"2024-05-10T12:05:16","date_gmt":"2024-05-10T10:05:16","guid":{"rendered":"https:\/\/serbenidorm.daliisolutions.com\/index.php\/2024\/05\/10\/climia-hotels-la-nueva-marca-de-la-cadena-hotelera-gf-de-benidorm\/"},"modified":"2024-05-10T12:05:16","modified_gmt":"2024-05-10T10:05:16","slug":"climia-hotels-la-nueva-marca-de-la-cadena-hotelera-gf-de-benidorm","status":"publish","type":"post","link":"https:\/\/serbenidorm.daliisolutions.com\/index.php\/2024\/05\/10\/climia-hotels-la-nueva-marca-de-la-cadena-hotelera-gf-de-benidorm\/","title":{"rendered":"&#8216;Climia hotels&#8217;, la nueva marca de la cadena hotelera GF de Benidorm"},"content":{"rendered":"  <p>Benidorm<\/p>   <p>Hotels GF, uno de los emblemas de la industria hotelera en Benidorm, cambia de nombre. Bajo el paraguas de &#8216;Climia hotels&#8217; la cadena da un paso m\u00e1s en su estrategia coincidiendo con el 70 aniversario de la apertura de su primer alojamiento, como explic\u00f3 durante la presentaci\u00f3n el CEO de la empresa y actual presidente de la patronal Hosbec Fede Fuster.<\/p>   <p>Una presentaci\u00f3n a la que asisti\u00f3 una nutrida representaci\u00f3n del tejido social y econ\u00f3mico de la capital tur\u00edstica y en el que se ensalz\u00f3 las siete d\u00e9cadas de historia que comenzaron en <a href=\"https:\/\/cadenaser.com\/tag\/benidorm\/a\/\" target=\"_blank\" rel=\"noopener\">la pla\u00e7a de la Creu en 1954 con el Hotel Benidorm que pusieron en marcha Juan Fuster Llorca y Antonia Llorca Ivorra<\/a>.<\/p>   <p>Ahora los hoteles Belroy, Benidorm Plaza y 2Sleep ir\u00e1n antecedidos del t\u00e9rmino &#8216;Climia&#8217; con el que, como se\u00f1al\u00f3 Fuster, se quiere poner en valor el concepto del descanso y el respiro que transmiten estos alojamientos<i>.<\/i><\/p>   <p><p><strong>Sigue el canal de la SER en WhatsApp<\/strong><br \/>Encontrar\u00e1s toda la informaci\u00f3n, el deporte y el entretenimiento: la actualidad del d\u00eda y las noticias de \u00faltima hora, los mejores v\u00eddeos y momentos de la radio, entrevistas, reportajes y mucho m\u00e1s.<\/p><a href=\"https:\/\/www.whatsapp.com\/channel\/0029Va633PF9WtC4l7XUzh1e\" title=\"Suscr\u00edbete\">Suscr\u00edbete ahora<\/a><\/p> ","protected":false},"excerpt":{"rendered":"<p>En el 70 aniversario de la apertura de su primer alojamiento<\/p>\n","protected":false},"author":0,"featured_media":4933,"comment_status":"open","ping_status":"open","sticky":false,"template":"","format":"standard","meta":{"_acf_changed":false,"footnotes":""},"categories":[1],"tags":[],"class_list":["post-4932","post","type-post","status-publish","format-standard","has-post-thumbnail","hentry","category-sin-categoria"],"acf":{"ser_id":"WG7ZATSS45BZFGDF3NKQJ5EP6U","ser_url":"https:\/\/cadenaser.com\/comunitat-valenciana\/2024\/05\/10\/climia-hotels-la-nueva-marca-de-la-cadena-hotelera-gf-de-benidorm-radio-benidorm\/"},"_links":{"self":[{"href":"https:\/\/serbenidorm.daliisolutions.com\/index.php\/wp-json\/wp\/v2\/posts\/4932","targetHints":{"allow":["GET"]}}],"collection":[{"href":"https:\/\/serbenidorm.daliisolutions.com\/index.php\/wp-json\/wp\/v2\/posts"}],"about":[{"href":"https:\/\/serbenidorm.daliisolutions.com\/index.php\/wp-json\/wp\/v2\/types\/post"}],"replies":[{"embeddable":true,"href":"https:\/\/serbenidorm.daliisolutions.com\/index.php\/wp-json\/wp\/v2\/comments?post=4932"}],"version-history":[{"count":0,"href":"https:\/\/serbenidorm.daliisolutions.com\/index.php\/wp-json\/wp\/v2\/posts\/4932\/revisions"}],"wp:featuredmedia":[{"embeddable":true,"href":"https:\/\/serbenidorm.daliisolutions.com\/index.php\/wp-json\/wp\/v2\/media\/4933"}],"wp:attachment":[{"href":"https:\/\/serbenidorm.daliisolutions.com\/index.php\/wp-json\/wp\/v2\/media?parent=4932"}],"wp:term":[{"taxonomy":"category","embeddable":true,"href":"https:\/\/serbenidorm.daliisolutions.com\/index.php\/wp-json\/wp\/v2\/categories?post=4932"},{"taxonomy":"post_tag","embeddable":true,"href":"https:\/\/serbenidorm.daliisolutions.com\/index.php\/wp-json\/wp\/v2\/tags?post=4932"}],"curies":[{"name":"wp","href":"https:\/\/api.w.org\/{rel}","templated":true}]}}