{"id":4936,"date":"2024-05-10T13:59:12","date_gmt":"2024-05-10T11:59:12","guid":{"rendered":"https:\/\/serbenidorm.daliisolutions.com\/index.php\/2024\/05\/10\/del-13-al-18-de-mayo-semana-de-la-salud-en-lalfas-del-pi\/"},"modified":"2024-05-10T13:59:12","modified_gmt":"2024-05-10T11:59:12","slug":"del-13-al-18-de-mayo-semana-de-la-salud-en-lalfas-del-pi","status":"publish","type":"post","link":"https:\/\/serbenidorm.daliisolutions.com\/index.php\/2024\/05\/10\/del-13-al-18-de-mayo-semana-de-la-salud-en-lalfas-del-pi\/","title":{"rendered":"Del 13 al 18 de mayo, Semana de la Salud en L&#8217;Alf\u00e0s del Pi"},"content":{"rendered":"  <p>L&#8217;Alf\u00e0s del Pi<\/p>   <p>El Ayuntamiento de l\u2019Alf\u00e0s del Pi celebrar\u00e1 del 13 al 18 de mayo la Semana de la Salud. Una iniciativa de la concejal\u00eda de Sanidad dirigida a promover una visi\u00f3n positiva de la salud y a reconocer la importancia de la promoci\u00f3n de la salud para el bienestar de las personas y la comunidad.<\/p>   <p>La edil del \u00e1rea, Marisa Cortes, ha explicado a Hoy por Hoy Benidorm que \u00abel objetivo final es promover h\u00e1bitos de vida saludable entre la poblaci\u00f3n de todas las edades y educar en la prevenci\u00f3n de enfermedades\u201d. La semana estar\u00e1 plagada de talleres y charlas, pruebas m\u00e9dicas, jornadas participativas, campa\u00f1as de prevenci\u00f3n y actividades deportivas como pilates o baile.<\/p>   <p>Programa de actividades<\/p>   <p>La Semana de la Salud de l\u2019Alf\u00e0s se inicia el lunes 13 de mayo, a las 9:30 horas, con un taller de cocina saludable sobre helados y bebidas refrescantes que correr\u00e1 a cargo de personal sanitario del Centro de Salud. Actividad que tendr\u00e1 lugar en el Centro L\u2019Alf\u00e0s + Social y para la que se requiere inscripci\u00f3n previa a trav\u00e9s del correo electr\u00f3nico <a href=\"mailto:pangea@lalfas.com\" rel=\"nofollow noopener\" target=\"_blank\">pangea@lalfas.com<\/a> y <a href=\"mailto:ctocu@lalfas.com\" rel=\"nofollow noopener\" target=\"_blank\">ctocu@lalfas.com<\/a> y los n\u00fameros de tel\u00e9fono 681241876 y 695010321.<\/p>   <p>Por la tarde, a las 16:15 horas, el pabell\u00f3n Pau Gasol acoger\u00e1 las charlas informativas \u2018Generalidades en la lesi\u00f3n deportiva y la importancia de la educaci\u00f3n\u2019, a cargo de Aitor Nieves y Juan Carlos Navarro, e \u2018Influencia del suelo p\u00e9lvico en la salud y su relaci\u00f3n con el deporte\u2019, a cargo de Ana Marcos. Las inscripciones para esta actividad se realizan a trav\u00e9s del n\u00famero de tel\u00e9fono 658970216.<\/p>   <p>La jornada concluir\u00e1 con una caminata saludable junto al instructor Bernd Goldschmidt, licenciado en Ciencias de la Actividad F\u00edsica y el Deporte. Actividad que permitir\u00e1 profundizar en el caminar saludable, tanto a nivel pr\u00e1ctico como te\u00f3rico.<\/p>   <p>El martes, de 9:30 a 13:30 y de 16:00 a 20:00 horas, se realizar\u00e1n pruebas de densitometr\u00eda \u00f3sea en el Hogar del Pensionista, en colaboraci\u00f3n con Farmacia Central. Esta prueba permite determinar la densidad mineral \u00f3sea y contemplar si ha habido una p\u00e9rdida significante. Se realiza a trav\u00e9s de tecnolog\u00eda mejorada de rayos X, consiguiendo as\u00ed de manera no invasiva un diagn\u00f3stico m\u00e9dico. Esta prueba no causa ning\u00fan dolor. Las personas interesadas deber\u00e1n solicitar cita previa en 658970216.<\/p>   <p>Por la tarde, a las 17:00 horas, tendr\u00e1 lugar un taller de baile en la explanada de la Casa de Cultura a cargo de Carolina Marcet, del Club Costa Blanca Balla. La pr\u00e1ctica del ejercicio f\u00edsico, como el baile, repercute en nuestro estado general de salud y con estas acciones se pretende fomentar el deporte en todas sus variaciones.<\/p>   <p>El mi\u00e9rcoles, de 9:30 a 13:30 y de 16:00 a 20:00 horas, el Hogar del Pensionista acoger\u00e1 la realizaci\u00f3n de pruebas para medir el retorno venoso y de densitometr\u00eda, acciones que se realizan en colaboraci\u00f3n con Farmacia Central. Las personas interesadas deber\u00e1n solicitar cita previa en 658970216.<\/p>   <p>Adem\u00e1s, de 10:00 a 12:30 horas, la playa del Rac\u00f3 de l\u2019albir acoger\u00e1 una campa\u00f1a de prevenci\u00f3n del melanoma que correr\u00e1 a cargo de personal m\u00e9dico y de enfermer\u00eda del Centro de Salud de l\u2019Alf\u00e0s.<\/p>   <p>Por la tarde, a las 18:00 horas, la Casa de Cultura acoger\u00e1 una charla sobre alimentaci\u00f3n saludable, que correr\u00e1 a cargo de Sof\u00eda Cort\u00e9s, nutricionista en The Comm Medical Center.<\/p>   <p>Para el jueves se han programado dos actividades: un taller de baile con Carolina Marcet en la explanada de la Casa de Cultura y un taller de primeros auxilios a cargo de personal m\u00e9dico y de enfermer\u00eda del Centro de Salud en el Espai Cultural Escoles Velles. Ambas actividades dar\u00e1n inicio a las 17 horas.<\/p>   <p>El viernes, la jornada se iniciar\u00e1 a las 9:30 horas con un taller de pilates en la playa del Rac\u00f3 de l\u2019Albir, que correr\u00e1 a cargo de Mar\u00eda Dolores Torres, preparadora f\u00edsica del Ayuntamiento de Alicante y del centro <a href=\"http:\/\/mientrenadora.com\/\" rel=\"nofollow noopener\" target=\"_blank\">mientrenadora.com<\/a>. Pueden reservar plaza en 658970216.<\/p>   <p>De 9:30 a 13:00 horas se instalar\u00e1 un puesto informativo en el mercadillo de l\u2019Alf\u00e0s para la toma de tensi\u00f3n arterial y la promoci\u00f3n de pautas saludables, que ser\u00e1 atendido por personal m\u00e9dico y de enfermer\u00eda del Centro de Salud.<\/p>   <p>A las 13:30 horas el Sal\u00f3n de Plenos del Ayuntamiento de l\u2019Alf\u00e0s acoger\u00e1 el acto de constituci\u00f3n de las mesas del Consejo de Salud B\u00e1sicos y de la Mesa Intersectorial y de Participaci\u00f3n, enmarcados en el proyecto XarxaSalut y en la implantaci\u00f3n del V Plan de Salut de la Comunitat Valenciana.<\/p>   <p>La jornada del viernes concluir\u00e1 con una marcha nocturna astron\u00f3mica guiada, para la observaci\u00f3n de estrellas y constelaciones con telescopios profesionales. La salida tendr\u00e1 lugar en el parking Faro de l\u2019Albir.<\/p>   <p>La Semana de la Salud de l\u2019Alf\u00e0s concluir\u00e1 el s\u00e1bado 18 de mayo con el taller \u2018Baila por la Salud\u2019 en la playa del Rac\u00f3 de l\u2019Albir, con Carolina Marcet de Costa Blanca Balla.<\/p> ","protected":false},"excerpt":{"rendered":"<p>Charlas, talleres y actividades l\u00fadicas componen la programaci\u00f3n de esta semana que promueve h\u00e1bitos de vida saludables<\/p>\n","protected":false},"author":0,"featured_media":4937,"comment_status":"open","ping_status":"open","sticky":false,"template":"","format":"standard","meta":{"_acf_changed":false,"footnotes":""},"categories":[1],"tags":[],"class_list":["post-4936","post","type-post","status-publish","format-standard","has-post-thumbnail","hentry","category-sin-categoria"],"acf":{"ser_id":"EGQFIY6L45GH5IYQZOYFVAIBFY","ser_url":"https:\/\/cadenaser.com\/comunitat-valenciana\/2024\/05\/10\/del-13-al-18-de-mayo-semana-de-la-salud-en-lalfas-del-pi-radio-benidorm\/"},"_links":{"self":[{"href":"https:\/\/serbenidorm.daliisolutions.com\/index.php\/wp-json\/wp\/v2\/posts\/4936","targetHints":{"allow":["GET"]}}],"collection":[{"href":"https:\/\/serbenidorm.daliisolutions.com\/index.php\/wp-json\/wp\/v2\/posts"}],"about":[{"href":"https:\/\/serbenidorm.daliisolutions.com\/index.php\/wp-json\/wp\/v2\/types\/post"}],"replies":[{"embeddable":true,"href":"https:\/\/serbenidorm.daliisolutions.com\/index.php\/wp-json\/wp\/v2\/comments?post=4936"}],"version-history":[{"count":0,"href":"https:\/\/serbenidorm.daliisolutions.com\/index.php\/wp-json\/wp\/v2\/posts\/4936\/revisions"}],"wp:featuredmedia":[{"embeddable":true,"href":"https:\/\/serbenidorm.daliisolutions.com\/index.php\/wp-json\/wp\/v2\/media\/4937"}],"wp:attachment":[{"href":"https:\/\/serbenidorm.daliisolutions.com\/index.php\/wp-json\/wp\/v2\/media?parent=4936"}],"wp:term":[{"taxonomy":"category","embeddable":true,"href":"https:\/\/serbenidorm.daliisolutions.com\/index.php\/wp-json\/wp\/v2\/categories?post=4936"},{"taxonomy":"post_tag","embeddable":true,"href":"https:\/\/serbenidorm.daliisolutions.com\/index.php\/wp-json\/wp\/v2\/tags?post=4936"}],"curies":[{"name":"wp","href":"https:\/\/api.w.org\/{rel}","templated":true}]}}