{"id":4940,"date":"2024-05-10T14:20:44","date_gmt":"2024-05-10T12:20:44","guid":{"rendered":"https:\/\/serbenidorm.daliisolutions.com\/index.php\/2024\/05\/10\/otro-efecto-de-la-sequia-la-marina-baixa-comprara-agua-por-casi-cinco-millones-de-euros\/"},"modified":"2024-05-10T14:20:44","modified_gmt":"2024-05-10T12:20:44","slug":"otro-efecto-de-la-sequia-la-marina-baixa-comprara-agua-por-casi-cinco-millones-de-euros","status":"publish","type":"post","link":"https:\/\/serbenidorm.daliisolutions.com\/index.php\/2024\/05\/10\/otro-efecto-de-la-sequia-la-marina-baixa-comprara-agua-por-casi-cinco-millones-de-euros\/","title":{"rendered":"Otro efecto de la sequ\u00eda: la Marina Baixa comprar\u00e1 agua por casi cinco millones de euros"},"content":{"rendered":"  <p>Benidorm<\/p>   <p>La Junta General del Consorcio de Aguas de la Marina Baixa ha aprobado en su reuni\u00f3n de hoy la solicitud a la Confederaci\u00f3n Hidrogr\u00e1fica del J\u00facar (CHJ) de un trasvase de cinco hect\u00f3metros c\u00fabicos para que su suministro pueda efectuarse durante este a\u00f1o 2024. Dichos aportes llegar\u00e1n a trav\u00e9s de la planta desaladora de la Marina Baixa en Mutxamel.<\/p>   <p>Jaime Berenguer, director t\u00e9cnico del Consorcio, ha precisado que una vez formulada la petici\u00f3n a la CHJ,<a href=\"https:\/\/cadenaser.com\/tag\/comarca_la_marina_baixa\/a\/\" target=\"_blank\" rel=\"noopener\"> la llegada del agua se producir\u00eda \u201ca mediados del mes de junio\u201d<\/a>. Igualmente se ha aprobado una modificaci\u00f3n del presupuesto del presente ejercicio con el fin de asignar recursos para la compra de caudales externos y para dar cobertura a actuaciones no previstas en el presupuesto. Esta modificaci\u00f3n presupuestaria asciende a 4.794.091.25 euros.<\/p>   <p>As\u00ed est\u00e1n los embalses<\/p>   <p>La Junta General tambi\u00e9n ha aprobado el informe de abastecimiento en el que se indica que el total de lluvias en la comarca durante 2023 y lo que llevamos de 2024 es de 439,2 litros por metro cuadrado, lo que supone un d\u00e9ficit de lluvia de 380 l\/m2. Tambi\u00e9n se ha puesto de manifiesto que los embalses de la Marina Baixa se encuentran al 36,15% (Guadalest) y 17,22% (Amadorio) para un volumen total de agua embalsada de 6,6 hect\u00f3metros c\u00fabicos entre ambos pantanos.<\/p>  <p><p>M\u00e1s informaci\u00f3n<\/p><figure><img decoding=\"async\" src=\"https:\/\/cadenaser.com\/resizer\/UxWn83jC3Eee_oNnpCo570Vlz1w=\/650x366\/filters:quality(70)\/cloudfront-eu-central-1.images.arcpublishing.com\/prisaradio\/6TKRHIRBYVLHNFUK4R3ZCOY3ZA.jpg\" loading=\"lazy\" width=\"828\" height=\"621\" \/><\/figure><ul><li><a href=\"https:\/\/cadenaser.com\/comunitat-valenciana\/2024\/04\/03\/el-peor-de-los-escenarios-la-marina-baixa-encara-una-inminente-alerta-por-sequia-con-los-embalses-en-continuo-descenso-radio-benidorm\/\">\u00abEl peor de los escenarios\u00bb: La Marina Baixa entra en alerta por sequ\u00eda<\/a><\/li><\/ul><\/p>   <p>En este punto se ha informado del adelanto a este mes de mayo de un hect\u00f3metro c\u00fabico que estaba previsto para el verano como consecuencia del aumento de la demanda agr\u00edcola por razones clim\u00e1ticas.<\/p>   <p>Del mismo modo se han especificado las obras ya tramitadas que se ejecutar\u00e1n por parte de la CHJ y el Consorcio como son la renovaci\u00f3n de un pozo en Beniard\u00e1 para generar recursos y la sustituci\u00f3n de tramos de conducci\u00f3n de reutilizaci\u00f3n por importe de unos 500.000 euros, as\u00ed como las mejoras en el pozo de Polop 1 y el bombeo inferior del Amadorio.<\/p> ","protected":false},"excerpt":{"rendered":"<p>El Consorcio de Aguas acuerda solicitar el trasvase de cinco hect\u00f3metros c\u00fabicos a la CHJ<\/p>\n","protected":false},"author":0,"featured_media":4941,"comment_status":"open","ping_status":"open","sticky":false,"template":"","format":"standard","meta":{"_acf_changed":false,"footnotes":""},"categories":[1],"tags":[],"class_list":["post-4940","post","type-post","status-publish","format-standard","has-post-thumbnail","hentry","category-sin-categoria"],"acf":{"ser_id":"LJKRGC6F75EELLULGM6O7SMFWI","ser_url":"https:\/\/cadenaser.com\/comunitat-valenciana\/2024\/05\/10\/otro-efecto-de-la-sequia-la-marina-baixa-comprara-agua-por-casi-cinco-millones-de-euros-radio-benidorm\/"},"_links":{"self":[{"href":"https:\/\/serbenidorm.daliisolutions.com\/index.php\/wp-json\/wp\/v2\/posts\/4940","targetHints":{"allow":["GET"]}}],"collection":[{"href":"https:\/\/serbenidorm.daliisolutions.com\/index.php\/wp-json\/wp\/v2\/posts"}],"about":[{"href":"https:\/\/serbenidorm.daliisolutions.com\/index.php\/wp-json\/wp\/v2\/types\/post"}],"replies":[{"embeddable":true,"href":"https:\/\/serbenidorm.daliisolutions.com\/index.php\/wp-json\/wp\/v2\/comments?post=4940"}],"version-history":[{"count":0,"href":"https:\/\/serbenidorm.daliisolutions.com\/index.php\/wp-json\/wp\/v2\/posts\/4940\/revisions"}],"wp:featuredmedia":[{"embeddable":true,"href":"https:\/\/serbenidorm.daliisolutions.com\/index.php\/wp-json\/wp\/v2\/media\/4941"}],"wp:attachment":[{"href":"https:\/\/serbenidorm.daliisolutions.com\/index.php\/wp-json\/wp\/v2\/media?parent=4940"}],"wp:term":[{"taxonomy":"category","embeddable":true,"href":"https:\/\/serbenidorm.daliisolutions.com\/index.php\/wp-json\/wp\/v2\/categories?post=4940"},{"taxonomy":"post_tag","embeddable":true,"href":"https:\/\/serbenidorm.daliisolutions.com\/index.php\/wp-json\/wp\/v2\/tags?post=4940"}],"curies":[{"name":"wp","href":"https:\/\/api.w.org\/{rel}","templated":true}]}}