{"id":4943,"date":"2024-05-10T15:55:13","date_gmt":"2024-05-10T13:55:13","guid":{"rendered":"https:\/\/serbenidorm.daliisolutions.com\/index.php\/2024\/05\/10\/jose-luis-minano-descubre-su-playlist-en-la-musica-de-tu-vida\/"},"modified":"2024-05-10T15:55:13","modified_gmt":"2024-05-10T13:55:13","slug":"jose-luis-minano-descubre-su-playlist-en-la-musica-de-tu-vida","status":"publish","type":"post","link":"https:\/\/serbenidorm.daliisolutions.com\/index.php\/2024\/05\/10\/jose-luis-minano-descubre-su-playlist-en-la-musica-de-tu-vida\/","title":{"rendered":"Jos\u00e9 Luis Mi\u00f1ano descubre su playlist en \u2018La m\u00fasica de tu vida\u2019"},"content":{"rendered":"  <p>Benidorm<\/p>   <p>Uno de los tres capitanes del <a href=\"https:\/\/cadenaser.com\/tag\/club_futbol_benidorm\/a\/\" target=\"_blank\" rel=\"noopener\">C.F. Benidorm<\/a>, Jos\u00e9 Luis Mi\u00f1ano, ha sido este viernes el protagonista de la secci\u00f3n \u2018La m\u00fasica de tu vida\u2019 de \u2018Hoy por hoy Benidorm\u2019. Tras conseguir el ascenso con el equipo del Guillermo Amor, Mi\u00f1ano ha compartido algunos de sus temas favoritos con Silvia Yus.<\/p>  <p><p>M\u00e1s informaci\u00f3n<\/p><figure><img decoding=\"async\" src=\"https:\/\/cadenaser.com\/resizer\/eLN-Ab0wEa_XeSZBIUUyeCm8YpI=\/650x366\/filters:quality(70)\/cloudfront-eu-central-1.images.arcpublishing.com\/prisaradio\/Y65WRWYMERA73ELCOAB37BCICM.jpg\" loading=\"lazy\" width=\"828\" height=\"621\" \/><\/figure><ul><li><a href=\"https:\/\/cadenaser.com\/tag\/club_futbol_benidorm\/a\/\">Todas las noticias del C.F. Benidorm<\/a><\/li><\/ul><\/p>   <p>Estopa, Nino Bravo, AC\/DC o Michael Jackson han sido las elecciones de Mi\u00f1ano para, reflexionando sobre algunas de las canciones m\u00e1s conocidas de esos int\u00e9rpretes, hablar de su infancia y juventud en Villena, de los amigos \u2018de toda la vida\u2019 que sigue conversando, de los viajes en coche con su padre\u2026 y confesar que de vez en cuando tambi\u00e9n escucha algo de reggaet\u00f3n.<\/p>   <p>En \u2018La m\u00fasica de tu vida\u2019 hemos podido conocer un poco m\u00e1s al Jos\u00e9 Luis Mi\u00f1ano m\u00e1s \u00edntimo y alejado de su faceta como futbolista y capit\u00e1n del campe\u00f3n de Lliga Comunitat, el C.F. Benidorm.<\/p>   <p><p><strong>Sigue el canal de la SER en WhatsApp<\/strong><br \/>Encontrar\u00e1s toda la informaci\u00f3n, el deporte y el entretenimiento: la actualidad del d\u00eda y las noticias de \u00faltima hora, los mejores v\u00eddeos y momentos de la radio, entrevistas, reportajes y mucho m\u00e1s.<\/p><a href=\"https:\/\/www.whatsapp.com\/channel\/0029Va633PF9WtC4l7XUzh1e\" title=\"Suscr\u00edbete\">Suscr\u00edbete ahora<\/a><\/p> ","protected":false},"excerpt":{"rendered":"<p>Uno de los tres capitanes del C.F. Benidorm ha protagonizado la secci\u00f3n musical de \u2018Hoy por hoy\u2019<\/p>\n","protected":false},"author":0,"featured_media":4944,"comment_status":"open","ping_status":"open","sticky":false,"template":"","format":"standard","meta":{"_acf_changed":false,"footnotes":""},"categories":[16],"tags":[],"class_list":["post-4943","post","type-post","status-publish","format-standard","has-post-thumbnail","hentry","category-deportes"],"acf":{"ser_id":"EXFEFFTN7NFPRATS46QVLJWCC4","ser_url":"https:\/\/cadenaser.com\/comunitat-valenciana\/2024\/05\/10\/jose-luis-minano-descubre-su-playlist-en-la-musica-de-tu-vida-radio-benidorm\/"},"_links":{"self":[{"href":"https:\/\/serbenidorm.daliisolutions.com\/index.php\/wp-json\/wp\/v2\/posts\/4943","targetHints":{"allow":["GET"]}}],"collection":[{"href":"https:\/\/serbenidorm.daliisolutions.com\/index.php\/wp-json\/wp\/v2\/posts"}],"about":[{"href":"https:\/\/serbenidorm.daliisolutions.com\/index.php\/wp-json\/wp\/v2\/types\/post"}],"replies":[{"embeddable":true,"href":"https:\/\/serbenidorm.daliisolutions.com\/index.php\/wp-json\/wp\/v2\/comments?post=4943"}],"version-history":[{"count":0,"href":"https:\/\/serbenidorm.daliisolutions.com\/index.php\/wp-json\/wp\/v2\/posts\/4943\/revisions"}],"wp:featuredmedia":[{"embeddable":true,"href":"https:\/\/serbenidorm.daliisolutions.com\/index.php\/wp-json\/wp\/v2\/media\/4944"}],"wp:attachment":[{"href":"https:\/\/serbenidorm.daliisolutions.com\/index.php\/wp-json\/wp\/v2\/media?parent=4943"}],"wp:term":[{"taxonomy":"category","embeddable":true,"href":"https:\/\/serbenidorm.daliisolutions.com\/index.php\/wp-json\/wp\/v2\/categories?post=4943"},{"taxonomy":"post_tag","embeddable":true,"href":"https:\/\/serbenidorm.daliisolutions.com\/index.php\/wp-json\/wp\/v2\/tags?post=4943"}],"curies":[{"name":"wp","href":"https:\/\/api.w.org\/{rel}","templated":true}]}}