{"id":4966,"date":"2024-05-11T11:01:59","date_gmt":"2024-05-11T09:01:59","guid":{"rendered":"https:\/\/serbenidorm.daliisolutions.com\/index.php\/2024\/05\/11\/la-comunitat-valenciana-coreara-zorra-de-nebulossa-en-varias-fiestas-que-congregaran-a-miles-de-personas\/"},"modified":"2024-05-11T11:01:59","modified_gmt":"2024-05-11T09:01:59","slug":"la-comunitat-valenciana-coreara-zorra-de-nebulossa-en-varias-fiestas-que-congregaran-a-miles-de-personas","status":"publish","type":"post","link":"https:\/\/serbenidorm.daliisolutions.com\/index.php\/2024\/05\/11\/la-comunitat-valenciana-coreara-zorra-de-nebulossa-en-varias-fiestas-que-congregaran-a-miles-de-personas\/","title":{"rendered":"La Comunitat Valenciana corear\u00e1 &#8216;Zorra&#8217; de Nebulossa en varias fiestas que congregar\u00e1n a miles de personas"},"content":{"rendered":"  <p>Val\u00e8ncia<\/p>   <p>El pueblo alicantino de origen de Nebulossa, Ondara, y Benidorm, la cercana ciudad donde fueron elegidos representantes de Espa\u00f1a, seguir\u00e1n este s\u00e1bado por la tarde el Festival que se celebra en Malm\u00f6 con sendas macrofiestas preparadas para miles de seguidores.<\/p>   <p>Ondara calentar\u00e1 motores a partir de las 17 horas con la &#8216;Nebulossa Europarty&#8217; en la plaza de toros municipal, donde se ha colgado el cartel de no hay billetes al agotarse las 3.500 localidades puestas a la venta a un precio simb\u00f3lico de 5 euros en un pueblo con una poblaci\u00f3n de poco m\u00e1s de 7.000 habitantes.<\/p>   <p>Los grupos &#8216;noventeros&#8217; Locom\u00eda (19 horas) y OBK (20 h) pondr\u00e1n la nota musical a una macrofiesta con disy\u00f3queys, zona infantil y puestos de comida y que tendr\u00e1 su punto culminante por la noche con la actuaci\u00f3n de Mery Bas y Mark Dancausa y las siguientes puntuaciones desde Suecia. As\u00ed lo ha explicado el alcalde de Ondara, Jos\u00e9 Ramiro Pastor, en declaraciones a la Cadena SER en la Comunitat Valenciana.<\/p>  <p><p class=\"tit\"><span>Jos\u00e9 Ramiro Pastor (alcalde de Ondara): \u00abEl pueblo est\u00e1 preparado para apoyar a Mery Bas y Mark Dancausa de Nebulossa\u00bb<\/span><\/p> <p class=\"emb\"><iframe loading=\"lazy\" src=\"https:\/\/cadenaser.com\/embed\/audio\/460\/1715417828833\/\" width=\"100%\" height=\"360\" frameborder=\"0\" allowfullscreen><\/iframe><\/p><\/p>   <p>Este municipio de la Marina Alta se ha rendido a &#8216;Zorra&#8217; y ha decorado multitud de balcones y escaparates con lemas de apoyo a sus artistas m\u00e1s internacionales, como &#8216;Estoy en un buen momento&#8217; y &#8216;Ondara amb Nebulossa&#8217; aportar su granito de arena al \u00e9xito del d\u00fao.<\/p>   <p>La fiesta, tambi\u00e9n en Benidorm<\/p>   <p>En la no muy lejana Benidorm, la cuna del Benidorm Fest, el ayuntamiento ha organizado otra fiesta con capacidad para 4.000 asistentes en el auditorio Julio Iglesias del parque de l&#8217;Aig\u00fcera, junto al ayuntamiento, donde habr\u00e1 pantallas gigantes para ver la final del certamen internacional de la canci\u00f3n.<\/p>   <p>All\u00ed tampoco faltar\u00e1n los atractivos para los eurofans ya que habr\u00e1 conciertos de artistas como Sof\u00eda Mart\u00edn, Jos\u00e9 Otero, Noan, Mantra, Sharonne, Sofia Coll y la \u00faltima representante espa\u00f1ola en Eurovisi\u00f3n, la ilicitana Blanca Paloma.<\/p>   <p>La gran fiesta del Euroclub arrancar\u00e1 a las 16 horas y contar\u00e1 con \u00e1reas destinadas a \u2018fanzone\u2019, \u2018food truck\u2019, merchandising y relax para que los asistentes disfruten al m\u00e1ximo de los espect\u00e1culos, todo con entrada gratuita s\u00f3lo limitada al aforo de 4.600 personas.<\/p>   <p>El concejal de Eventos de Benidorm, Jes\u00fas Carrobles, ha se\u00f1alado que \u00abhay gente que no puede ir a Malm\u00f6 y que nos ha dicho que s\u00ed vendr\u00e1n a Benidorm para vivir el festival\u201d.<\/p>   <p><p><strong>Sigue el canal de la SER en WhatsApp<\/strong><br \/>Encontrar\u00e1s toda la informaci\u00f3n, el deporte y el entretenimiento: la actualidad del d\u00eda y las noticias de \u00faltima hora, los mejores v\u00eddeos y momentos de la radio, entrevistas, reportajes y mucho m\u00e1s.<\/p><a href=\"https:\/\/www.whatsapp.com\/channel\/0029Va633PF9WtC4l7XUzh1e\" title=\"Suscr\u00edbete\">Suscr\u00edbete ahora<\/a><\/p>   <p><p><strong>Recibe nuestras noticias en tu m\u00f3vil<\/strong><br \/>Activa la campanita y no te pierdas nada de la actualidad informativa<\/p><a href=\"https:\/\/whatsapp.com\/channel\/0029VaHjyqSFHWq2Q3iHB33R\" title=\"Suscr\u00edbete\">Suscr\u00edbete al Canal de Whatsapp de Radio Valencia<\/a><\/p> ","protected":false},"excerpt":{"rendered":"<p>Es el caso de Ondara, pueblo de los cantantes Mery Bas y Mark Dancausa, o Benidorm, lugar desde el que Espa\u00f1a dar\u00e1 los doce puntos por tercer a\u00f1o consecutivo<\/p>\n","protected":false},"author":0,"featured_media":4967,"comment_status":"open","ping_status":"open","sticky":false,"template":"","format":"standard","meta":{"_acf_changed":false,"footnotes":""},"categories":[1],"tags":[],"class_list":["post-4966","post","type-post","status-publish","format-standard","has-post-thumbnail","hentry","category-sin-categoria"],"acf":{"ser_id":"IYBHQW75KBHMJC645MPY3AMI6I","ser_url":"https:\/\/cadenaser.com\/comunitat-valenciana\/2024\/05\/11\/la-comunitat-valenciana-coreara-zorra-de-nebulossa-en-varias-fiestas-que-congregaran-a-miles-de-personas-radio-alicante\/"},"_links":{"self":[{"href":"https:\/\/serbenidorm.daliisolutions.com\/index.php\/wp-json\/wp\/v2\/posts\/4966","targetHints":{"allow":["GET"]}}],"collection":[{"href":"https:\/\/serbenidorm.daliisolutions.com\/index.php\/wp-json\/wp\/v2\/posts"}],"about":[{"href":"https:\/\/serbenidorm.daliisolutions.com\/index.php\/wp-json\/wp\/v2\/types\/post"}],"replies":[{"embeddable":true,"href":"https:\/\/serbenidorm.daliisolutions.com\/index.php\/wp-json\/wp\/v2\/comments?post=4966"}],"version-history":[{"count":0,"href":"https:\/\/serbenidorm.daliisolutions.com\/index.php\/wp-json\/wp\/v2\/posts\/4966\/revisions"}],"wp:featuredmedia":[{"embeddable":true,"href":"https:\/\/serbenidorm.daliisolutions.com\/index.php\/wp-json\/wp\/v2\/media\/4967"}],"wp:attachment":[{"href":"https:\/\/serbenidorm.daliisolutions.com\/index.php\/wp-json\/wp\/v2\/media?parent=4966"}],"wp:term":[{"taxonomy":"category","embeddable":true,"href":"https:\/\/serbenidorm.daliisolutions.com\/index.php\/wp-json\/wp\/v2\/categories?post=4966"},{"taxonomy":"post_tag","embeddable":true,"href":"https:\/\/serbenidorm.daliisolutions.com\/index.php\/wp-json\/wp\/v2\/tags?post=4966"}],"curies":[{"name":"wp","href":"https:\/\/api.w.org\/{rel}","templated":true}]}}