{"id":4996,"date":"2024-05-12T16:27:12","date_gmt":"2024-05-12T14:27:12","guid":{"rendered":"https:\/\/serbenidorm.daliisolutions.com\/index.php\/2024\/05\/12\/victoria-y-ascenso-para-el-huesitos-la-vila\/"},"modified":"2024-05-12T16:27:12","modified_gmt":"2024-05-12T14:27:12","slug":"victoria-y-ascenso-para-el-huesitos-la-vila","status":"publish","type":"post","link":"https:\/\/serbenidorm.daliisolutions.com\/index.php\/2024\/05\/12\/victoria-y-ascenso-para-el-huesitos-la-vila\/","title":{"rendered":"Victoria y ascenso para el Huesitos-La Vila"},"content":{"rendered":"  <p>Benidorm<\/p>   <p>El Huesitos-La Vila ha puesto este domingo la r\u00fabrica de oro a una fenomenal temporada en la que el equipo de Hern\u00e1n \u2018Falu\u2019 Quirelli no s\u00f3lo ha conseguido regresar a la m\u00e1xima categor\u00eda del rugby nacional, sino que la propia entidad parece haber completado con enorme \u00e9xito una refundaci\u00f3n que se torna ahora m\u00e1s ilusionante si cabe.<\/p>   <p>El XV del Pantano viajaba este domingo al campo de El Cantizal de Las Rozas para medirse en la gran final por el ascenso a un Industriales que, si bien hab\u00eda sufrido mucho en la semifinal ante el Liceo Franc\u00e9s, part\u00eda con una (muy) ligera condici\u00f3n de favorito, aunque s\u00f3lo fuera por aquello de contar con el factor cancha a su favor.<\/p>   <p>Sin embargo, y como ya adelantara el entrenador vilero en SER Deportivos Marina Baixa el pasado martes, el partido se desarroll\u00f3 por los cauces previstos, es decir, una igualdad casi absoluta que s\u00f3lo se pudo romper en momentos muy determinados del choque.<\/p>   <p>Tras tomar la delantera en la primera mitad aprovechando una superioridad num\u00e9rica, los vileros acabar\u00edan march\u00e1ndose al descanso con empate a diez tantos en el marcador y, por lo tanto, con todo por decidir.<\/p>   <p>Aprendida la lecci\u00f3n a lo largo de los ocho meses transcurridos desde que arrancara la competici\u00f3n liguera, los dos equipos volvieron de los vestuarios sin dejarse llevar por los nervios pese a lo mucho que hab\u00eda en juego.<\/p>   <p>Los vileros volver\u00edan a adelantarse en el marcador y, mediada la segunda mitad, optar\u00edan por una transformaci\u00f3n que volv\u00eda a alejarlos a siete puntos de los locales que, poco m\u00e1s tarde, volver\u00edan a igualar la contienda gracias a un ensayo con transformaci\u00f3n.<\/p>   <p>Con menos de cinco minutos por delante los vileros completaron con \u00e9xito una jugada ensayada que les vali\u00f3 un ensayo que parec\u00eda que pod\u00eda ser definitivo, pero el intento posterior de transformaci\u00f3n, muy escorado a la izquierda del terreno de juego, no entr\u00f3 entre los palos por dos veces provocando unos \u00faltimos minutos de infarto.<\/p>   <p>El Industriales Las Rozas fue con todo a por el ensayo. Los locales buscaban repetir ese minuto final que quince d\u00edas antes les hab\u00eda dado el pase a la final, pero una muy seria y s\u00f3lida defensa vilera acab\u00f3 desbaratando los planes de los madrile\u00f1os y d\u00e1ndole el triunfo (20-25) y, por lo tanto, el ascenso al Huesitos-La Vila.<\/p>   <p><p><strong>Sigue el canal de la SER en WhatsApp<\/strong><br \/>Encontrar\u00e1s toda la informaci\u00f3n, el deporte y el entretenimiento: la actualidad del d\u00eda y las noticias de \u00faltima hora, los mejores v\u00eddeos y momentos de la radio, entrevistas, reportajes y mucho m\u00e1s.<\/p><a href=\"https:\/\/www.whatsapp.com\/channel\/0029Va633PF9WtC4l7XUzh1e\" title=\"Suscr\u00edbete\">Suscr\u00edbete ahora<\/a><\/p> ","protected":false},"excerpt":{"rendered":"<p>Los de El Pantano se impusieron al Industriales Las Rozas tras un igualad\u00edsimo choque<\/p>\n","protected":false},"author":0,"featured_media":4997,"comment_status":"open","ping_status":"open","sticky":false,"template":"","format":"standard","meta":{"_acf_changed":false,"footnotes":""},"categories":[1],"tags":[],"class_list":["post-4996","post","type-post","status-publish","format-standard","has-post-thumbnail","hentry","category-sin-categoria"],"acf":{"ser_id":"ZBIB627I5ZCKFPC26VH62XNAWM","ser_url":"https:\/\/cadenaser.com\/comunitat-valenciana\/2024\/05\/12\/victoria-y-ascenso-para-el-huesitos-la-vila-radio-benidorm\/"},"_links":{"self":[{"href":"https:\/\/serbenidorm.daliisolutions.com\/index.php\/wp-json\/wp\/v2\/posts\/4996","targetHints":{"allow":["GET"]}}],"collection":[{"href":"https:\/\/serbenidorm.daliisolutions.com\/index.php\/wp-json\/wp\/v2\/posts"}],"about":[{"href":"https:\/\/serbenidorm.daliisolutions.com\/index.php\/wp-json\/wp\/v2\/types\/post"}],"replies":[{"embeddable":true,"href":"https:\/\/serbenidorm.daliisolutions.com\/index.php\/wp-json\/wp\/v2\/comments?post=4996"}],"version-history":[{"count":0,"href":"https:\/\/serbenidorm.daliisolutions.com\/index.php\/wp-json\/wp\/v2\/posts\/4996\/revisions"}],"wp:featuredmedia":[{"embeddable":true,"href":"https:\/\/serbenidorm.daliisolutions.com\/index.php\/wp-json\/wp\/v2\/media\/4997"}],"wp:attachment":[{"href":"https:\/\/serbenidorm.daliisolutions.com\/index.php\/wp-json\/wp\/v2\/media?parent=4996"}],"wp:term":[{"taxonomy":"category","embeddable":true,"href":"https:\/\/serbenidorm.daliisolutions.com\/index.php\/wp-json\/wp\/v2\/categories?post=4996"},{"taxonomy":"post_tag","embeddable":true,"href":"https:\/\/serbenidorm.daliisolutions.com\/index.php\/wp-json\/wp\/v2\/tags?post=4996"}],"curies":[{"name":"wp","href":"https:\/\/api.w.org\/{rel}","templated":true}]}}