{"id":5002,"date":"2024-05-12T17:08:27","date_gmt":"2024-05-12T15:08:27","guid":{"rendered":"https:\/\/serbenidorm.daliisolutions.com\/index.php\/2024\/05\/12\/un-incendio-en-un-garaje-de-benidorm-calcina-cuatro-vehiculos\/"},"modified":"2024-05-12T17:08:27","modified_gmt":"2024-05-12T15:08:27","slug":"un-incendio-en-un-garaje-de-benidorm-calcina-cuatro-vehiculos","status":"publish","type":"post","link":"https:\/\/serbenidorm.daliisolutions.com\/index.php\/2024\/05\/12\/un-incendio-en-un-garaje-de-benidorm-calcina-cuatro-vehiculos\/","title":{"rendered":"Un incendio en un garaje de Benidorm calcina cuatro veh\u00edculos"},"content":{"rendered":"  <p>Alicante<\/p>   <p>Efectivos de bomberos han sofocado un incendio en el garaje de unos edificios en Benidorm, que ha calcinado un total de cuatro veh\u00edculos y ha inundado de humo y gases t\u00f3xicos varias plantas subterr\u00e1neas del inmueble.<\/p>   <p>El incendio, que ha sido extinguido sobre las 00.45 horas de este domingo, se ha iniciado a las 22.20 horas del s\u00e1bado y el fuego se ha desplazado muy r\u00e1pidamente por el interior del garaje, situado en el segundo s\u00f3tano de dos edificios gemelos de la calle Alcalde Manuel Catal\u00e1n de Benidorm, seg\u00fan ha indicado el Consorcio Provincial de Bomberos de Alicante.<\/p>   <p>El humo y los gases t\u00f3xicos emitidos por el incendio han inundado por completo las plantas del garaje, lo que ha dificultado la visibilidad. De hechos, los bomberos se han visto obligados a utilizar varias c\u00e1maras de visi\u00f3n t\u00e9rmica y a instalar ventiladores de presi\u00f3n positiva para neutralizar dichos humos.<\/p>   <p>En las tareas de extinci\u00f3n han participado una unidad de mando jefatura, una bomba urbana pesada, una bomba nodriza pesada, una autoescalera con un sargento, un cabo y seis bomberos del parque de Benidorm.<\/p>   <p>Adem\u00e1s, en el operativo de emergencias se han movilizado varias unidades de la Polic\u00eda Local de Benidorm, Polic\u00eda Nacional, as\u00ed como varias ambulancias con sus t\u00e9cnicos sanitarios en preventivo.<\/p>   <p><p><strong>Sigue el canal de la SER en WhatsApp<\/strong><br \/>Encontrar\u00e1s toda la informaci\u00f3n, el deporte y el entretenimiento: la actualidad del d\u00eda y las noticias de \u00faltima hora, los mejores v\u00eddeos y momentos de la radio, entrevistas, reportajes y mucho m\u00e1s.<\/p><a href=\"https:\/\/www.whatsapp.com\/channel\/0029Va633PF9WtC4l7XUzh1e\" title=\"Suscr\u00edbete\">Suscr\u00edbete ahora<\/a><\/p> ","protected":false},"excerpt":{"rendered":"<p>Los bomberos del Consorcio Provincial de Alicante han extinguido el incendio que ha inundado de humo y gases t\u00f3xicos varias plantas subterr\u00e1neas del inmueble<\/p>\n","protected":false},"author":0,"featured_media":5003,"comment_status":"open","ping_status":"open","sticky":false,"template":"","format":"standard","meta":{"_acf_changed":false,"footnotes":""},"categories":[1],"tags":[],"class_list":["post-5002","post","type-post","status-publish","format-standard","has-post-thumbnail","hentry","category-sin-categoria"],"acf":{"ser_id":"UUDIAZCVBNFD3HFG5Q3ZZEIH2Y","ser_url":"https:\/\/cadenaser.com\/comunitat-valenciana\/2024\/05\/12\/un-incendio-en-un-garaje-de-benidorm-calcina-cuatro-vehiculos-radio-alicante\/"},"_links":{"self":[{"href":"https:\/\/serbenidorm.daliisolutions.com\/index.php\/wp-json\/wp\/v2\/posts\/5002","targetHints":{"allow":["GET"]}}],"collection":[{"href":"https:\/\/serbenidorm.daliisolutions.com\/index.php\/wp-json\/wp\/v2\/posts"}],"about":[{"href":"https:\/\/serbenidorm.daliisolutions.com\/index.php\/wp-json\/wp\/v2\/types\/post"}],"replies":[{"embeddable":true,"href":"https:\/\/serbenidorm.daliisolutions.com\/index.php\/wp-json\/wp\/v2\/comments?post=5002"}],"version-history":[{"count":0,"href":"https:\/\/serbenidorm.daliisolutions.com\/index.php\/wp-json\/wp\/v2\/posts\/5002\/revisions"}],"wp:featuredmedia":[{"embeddable":true,"href":"https:\/\/serbenidorm.daliisolutions.com\/index.php\/wp-json\/wp\/v2\/media\/5003"}],"wp:attachment":[{"href":"https:\/\/serbenidorm.daliisolutions.com\/index.php\/wp-json\/wp\/v2\/media?parent=5002"}],"wp:term":[{"taxonomy":"category","embeddable":true,"href":"https:\/\/serbenidorm.daliisolutions.com\/index.php\/wp-json\/wp\/v2\/categories?post=5002"},{"taxonomy":"post_tag","embeddable":true,"href":"https:\/\/serbenidorm.daliisolutions.com\/index.php\/wp-json\/wp\/v2\/tags?post=5002"}],"curies":[{"name":"wp","href":"https:\/\/api.w.org\/{rel}","templated":true}]}}