{"id":5015,"date":"2024-05-13T15:14:40","date_gmt":"2024-05-13T13:14:40","guid":{"rendered":"https:\/\/serbenidorm.daliisolutions.com\/index.php\/2024\/05\/13\/pedro-piqueras-contara-la-verdad-de-lo-que-vivio-el-11-m-en-el-club-de-opinion-benidorm\/"},"modified":"2024-05-13T15:14:40","modified_gmt":"2024-05-13T13:14:40","slug":"pedro-piqueras-contara-la-verdad-de-lo-que-vivio-el-11-m-en-el-club-de-opinion-benidorm","status":"publish","type":"post","link":"https:\/\/serbenidorm.daliisolutions.com\/index.php\/2024\/05\/13\/pedro-piqueras-contara-la-verdad-de-lo-que-vivio-el-11-m-en-el-club-de-opinion-benidorm\/","title":{"rendered":"Pedro Piqueras contar\u00e1 la verdad de lo que vivi\u00f3 el 11-M en el Club de Opini\u00f3n Benidorm"},"content":{"rendered":"  <p>Las verdades inc\u00f3modas, la forma de contar la verdad, las verdades de cada uno o el inter\u00e9s por la verdad ser\u00e1n algunas de las claves que trate de desvelar el periodista Pedro Piqueras en la charla \u201c\u00bfQu\u00e9 es la verdad?\u201d que pronunciar\u00e1 el 13 de mayo a las 20.15 horas en el Centro Cultural dentro del ciclo de conferencias del Club de Opini\u00f3n Benidorm.<\/p>   <p>Actuar\u00e1 como presentador de la charla el tambi\u00e9n periodista y amigo personal de Pedro Piqueras, Juan Lu\u00eds Galiacho quien ha explicado a Hoy por Hoy Benidorm que los asistentes podr\u00e1n conocer revelaciones in\u00e9ditas sobre c\u00f3mo vivi\u00f3 Piqueras el 11M. \u201cHay datos que va a revelar en la conferencia sobre c\u00f3mo fue la verdad del 11M porque \u00e9l la vivi\u00f3 y la sufri\u00f3. \u00c9l cont\u00f3 una verdad que no quer\u00edan que se contara y sufri\u00f3 porque se intent\u00f3 desfigurar la verdad. Tambi\u00e9n hablar\u00e1 de la crispaci\u00f3n que se vive en los medios en esta \u00e9poca\u201d, adelanta Galiacho.<\/p>   <p>Adem\u00e1s Galiacho considera que cada vez es m\u00e1s complicado y trabajoso contar la verdad por el masivo bombardeo de informaci\u00f3n, muchas veces de dif\u00edcil verificaci\u00f3n, al que est\u00e1 sometida la poblaci\u00f3n, sobre todo, a trav\u00e9s de las redes sociales. \u201cLa verdad es una opini\u00f3n hoy en d\u00eda. Por mucho que los periodistas aportemos pruebas y documentos hay gente que no se lo cree porque no es su verdad. Hoy en d\u00eda es complicado decir la verdad porque cada uno mantiene la suya\u201d, a\u00f1ade.<\/p>   <p>Por su parte la presidenta del Club de Opini\u00f3n, Lourdes Picazo, ha recordado que la charla ser\u00e1 de entrada gratuita para los socios del club y acompa\u00f1antes y tendr\u00e1 un coste de 10 euros para quienes no sean socios y que \u201cse destinar\u00e1n, como donativo, en parte a sufragar las actividades del club y en parte a Mensajeros de la Paz para ayudar al proyecto infantil que desarrolla en Benin\u201d.<\/p>   <p><p><strong>Sigue el canal de la SER en WhatsApp<\/strong><br \/>Encontrar\u00e1s toda la informaci\u00f3n, el deporte y el entretenimiento: la actualidad del d\u00eda y las noticias de \u00faltima hora, los mejores v\u00eddeos y momentos de la radio, entrevistas, reportajes y mucho m\u00e1s.<\/p><a href=\"https:\/\/www.whatsapp.com\/channel\/0029Va633PF9WtC4l7XUzh1e\" title=\"Suscr\u00edbete\">Suscr\u00edbete ahora<\/a><\/p> ","protected":false},"excerpt":{"rendered":"<p>Juan Luis Galiacho presenta esta conferencia  cuya entrada se donar\u00e1 a Mensajeros de la Paz<\/p>\n","protected":false},"author":0,"featured_media":5016,"comment_status":"open","ping_status":"open","sticky":false,"template":"","format":"standard","meta":{"_acf_changed":false,"footnotes":""},"categories":[1],"tags":[],"class_list":["post-5015","post","type-post","status-publish","format-standard","has-post-thumbnail","hentry","category-sin-categoria"],"acf":{"ser_id":"WFWAEGRDVRFW7M5BZBGM7RDVYY","ser_url":"https:\/\/cadenaser.com\/comunitat-valenciana\/2024\/05\/13\/pedro-piqueras-contara-la-verdad-de-lo-que-vivio-el-11-m-en-el-club-de-opinion-benidorm-radio-benidorm\/"},"_links":{"self":[{"href":"https:\/\/serbenidorm.daliisolutions.com\/index.php\/wp-json\/wp\/v2\/posts\/5015","targetHints":{"allow":["GET"]}}],"collection":[{"href":"https:\/\/serbenidorm.daliisolutions.com\/index.php\/wp-json\/wp\/v2\/posts"}],"about":[{"href":"https:\/\/serbenidorm.daliisolutions.com\/index.php\/wp-json\/wp\/v2\/types\/post"}],"replies":[{"embeddable":true,"href":"https:\/\/serbenidorm.daliisolutions.com\/index.php\/wp-json\/wp\/v2\/comments?post=5015"}],"version-history":[{"count":0,"href":"https:\/\/serbenidorm.daliisolutions.com\/index.php\/wp-json\/wp\/v2\/posts\/5015\/revisions"}],"wp:featuredmedia":[{"embeddable":true,"href":"https:\/\/serbenidorm.daliisolutions.com\/index.php\/wp-json\/wp\/v2\/media\/5016"}],"wp:attachment":[{"href":"https:\/\/serbenidorm.daliisolutions.com\/index.php\/wp-json\/wp\/v2\/media?parent=5015"}],"wp:term":[{"taxonomy":"category","embeddable":true,"href":"https:\/\/serbenidorm.daliisolutions.com\/index.php\/wp-json\/wp\/v2\/categories?post=5015"},{"taxonomy":"post_tag","embeddable":true,"href":"https:\/\/serbenidorm.daliisolutions.com\/index.php\/wp-json\/wp\/v2\/tags?post=5015"}],"curies":[{"name":"wp","href":"https:\/\/api.w.org\/{rel}","templated":true}]}}