{"id":5032,"date":"2024-05-14T13:37:55","date_gmt":"2024-05-14T11:37:55","guid":{"rendered":"https:\/\/serbenidorm.daliisolutions.com\/index.php\/2024\/05\/14\/muere-un-hombre-de-81-anos-en-un-accidente-de-tractor-en-relleu\/"},"modified":"2024-05-14T13:37:55","modified_gmt":"2024-05-14T11:37:55","slug":"muere-un-hombre-de-81-anos-en-un-accidente-de-tractor-en-relleu","status":"publish","type":"post","link":"https:\/\/serbenidorm.daliisolutions.com\/index.php\/2024\/05\/14\/muere-un-hombre-de-81-anos-en-un-accidente-de-tractor-en-relleu\/","title":{"rendered":"Muere un hombre de 81 a\u00f1os en un accidente de tractor en Relleu"},"content":{"rendered":"  <p>Un hombre de 81 a\u00f1os ha muerto en la tarde de este lunes en un accidente de tractor <a href=\"https:\/\/cadenaser.com\/tag\/relleu\/a\/\" target=\"_blank\" rel=\"noopener\">en el t\u00e9rmino municipal de Relleu, en el interior de la comarca de la Marina Baixa<\/a>, seg\u00fan ha informado el Centro de Informaci\u00f3n y Coordinaci\u00f3n de Urgencias (CICU).<\/p>   <p>Hasta el lugar se desplaz\u00f3 un helic\u00f3ptero medicalizado de la Generalitat cuyo equipo m\u00e9dico de Urgencias solo pudo confirmar el fallecimiento del accidentado.<\/p>  <p><figure><img loading=\"lazy\" decoding=\"async\" src=\"https:\/\/cadenaser.com\/resizer\/v2\/YA2OKDXGL5DAZEGPOCACD2PZNQ.jpeg?auth=e24934db13ce4a0ef630fd01f0ffaffdabbde2019d20c3e9febff576532e17b9&amp;quality=70&amp;width=360&amp;height=202&amp;smart=true\" alt=\"El portavoz de ASAJA en la Marina Baixa, Ram\u00f3n Espinosa, pide un nuevo plan para prevenir la Xylella fastidiosa\" width=\"240\" height=\"135\" \/><\/figure><div><a href=\"https:\/\/cadenaser.com\/audio\/1715331883570\/\">El portavoz de ASAJA en la Marina Baixa, Ram\u00f3n Espinosa, pide un nuevo plan para prevenir la Xylella fastidiosa<\/a><p><\/p><\/div><\/p>   <p>Relleu<b> <\/b>es un peque\u00f1o pueblo de tradici\u00f3n agr\u00edcola ubicado en las estribaciones meridionales de la Sierra de Aitana y cuyo paisaje protagonizan bancales de almendros y olivos.<\/p> ","protected":false},"excerpt":{"rendered":"<p>Por el vuelco del veh\u00edculo<\/p>\n","protected":false},"author":0,"featured_media":5033,"comment_status":"open","ping_status":"open","sticky":false,"template":"","format":"standard","meta":{"_acf_changed":false,"footnotes":""},"categories":[1],"tags":[],"class_list":["post-5032","post","type-post","status-publish","format-standard","has-post-thumbnail","hentry","category-sin-categoria"],"acf":{"ser_id":"5V5UODXE7FAXDPVNSZAC4RRMTA","ser_url":"https:\/\/cadenaser.com\/comunitat-valenciana\/2024\/05\/14\/muere-un-hombre-de-81-anos-en-un-accidente-de-tractor-en-relleu-radio-benidorm\/"},"_links":{"self":[{"href":"https:\/\/serbenidorm.daliisolutions.com\/index.php\/wp-json\/wp\/v2\/posts\/5032","targetHints":{"allow":["GET"]}}],"collection":[{"href":"https:\/\/serbenidorm.daliisolutions.com\/index.php\/wp-json\/wp\/v2\/posts"}],"about":[{"href":"https:\/\/serbenidorm.daliisolutions.com\/index.php\/wp-json\/wp\/v2\/types\/post"}],"replies":[{"embeddable":true,"href":"https:\/\/serbenidorm.daliisolutions.com\/index.php\/wp-json\/wp\/v2\/comments?post=5032"}],"version-history":[{"count":0,"href":"https:\/\/serbenidorm.daliisolutions.com\/index.php\/wp-json\/wp\/v2\/posts\/5032\/revisions"}],"wp:featuredmedia":[{"embeddable":true,"href":"https:\/\/serbenidorm.daliisolutions.com\/index.php\/wp-json\/wp\/v2\/media\/5033"}],"wp:attachment":[{"href":"https:\/\/serbenidorm.daliisolutions.com\/index.php\/wp-json\/wp\/v2\/media?parent=5032"}],"wp:term":[{"taxonomy":"category","embeddable":true,"href":"https:\/\/serbenidorm.daliisolutions.com\/index.php\/wp-json\/wp\/v2\/categories?post=5032"},{"taxonomy":"post_tag","embeddable":true,"href":"https:\/\/serbenidorm.daliisolutions.com\/index.php\/wp-json\/wp\/v2\/tags?post=5032"}],"curies":[{"name":"wp","href":"https:\/\/api.w.org\/{rel}","templated":true}]}}