{"id":5034,"date":"2024-05-14T13:37:56","date_gmt":"2024-05-14T11:37:56","guid":{"rendered":"https:\/\/serbenidorm.daliisolutions.com\/index.php\/2024\/05\/14\/extinguido-el-incendio-de-altea-muy-proximo-a-la-ap-7\/"},"modified":"2024-05-14T13:37:56","modified_gmt":"2024-05-14T11:37:56","slug":"extinguido-el-incendio-de-altea-muy-proximo-a-la-ap-7","status":"publish","type":"post","link":"https:\/\/serbenidorm.daliisolutions.com\/index.php\/2024\/05\/14\/extinguido-el-incendio-de-altea-muy-proximo-a-la-ap-7\/","title":{"rendered":"Extinguido el incendio de Altea muy pr\u00f3ximo a la AP-7"},"content":{"rendered":"  <p>El Consorcio Provincial de Bomberos de Alicante ha dado por extinguido el incendio declarado ayer por la tarde en una zona rural con vegetaci\u00f3n del t\u00e9rmino municipal de Altea.<br \/> <br \/> El fuego fue detectado a las 18.42 horas de este lunes <a href=\"https:\/\/cadenaser.com\/tag\/altea\/a\/\" target=\"_blank\" rel=\"noopener\">a la altura del punto kilom\u00e9trico 640 de la autov\u00eda AP-7 y origin\u00f3 una columna de humo muy visible desde esa red viaria<\/a>.<\/p>   <p>Se decret\u00f3 la situaci\u00f3n 1 del Plan de Emergencias de Incendios Forestales (PEIF) por la cercan\u00eda de chal\u00e9s y \u00e1reas ajardinadas de viviendas habitadas, en una intervenci\u00f3n sin heridos en la que participaron varias unidades de los bomberos del parque de Benidorm y de bomberos forestales, as\u00ed como una avioneta con carga de agua AT-55.<br \/> <br \/> Sobre las 22.08 horas el incendio fue controlado y, posteriormente, a las 23.23 horas, dado por extinguido.<\/p> ","protected":false},"excerpt":{"rendered":"<p>En una zona rural con vegetaci\u00f3n<\/p>\n","protected":false},"author":0,"featured_media":5035,"comment_status":"open","ping_status":"open","sticky":false,"template":"","format":"standard","meta":{"_acf_changed":false,"footnotes":""},"categories":[1],"tags":[],"class_list":["post-5034","post","type-post","status-publish","format-standard","has-post-thumbnail","hentry","category-sin-categoria"],"acf":{"ser_id":"BGL577AT5VFFFIXKCTX7NTQ6KI","ser_url":"https:\/\/cadenaser.com\/comunitat-valenciana\/2024\/05\/14\/extinguido-el-incendio-de-altea-muy-proximo-a-la-ap-7-radio-benidorm\/"},"_links":{"self":[{"href":"https:\/\/serbenidorm.daliisolutions.com\/index.php\/wp-json\/wp\/v2\/posts\/5034","targetHints":{"allow":["GET"]}}],"collection":[{"href":"https:\/\/serbenidorm.daliisolutions.com\/index.php\/wp-json\/wp\/v2\/posts"}],"about":[{"href":"https:\/\/serbenidorm.daliisolutions.com\/index.php\/wp-json\/wp\/v2\/types\/post"}],"replies":[{"embeddable":true,"href":"https:\/\/serbenidorm.daliisolutions.com\/index.php\/wp-json\/wp\/v2\/comments?post=5034"}],"version-history":[{"count":0,"href":"https:\/\/serbenidorm.daliisolutions.com\/index.php\/wp-json\/wp\/v2\/posts\/5034\/revisions"}],"wp:featuredmedia":[{"embeddable":true,"href":"https:\/\/serbenidorm.daliisolutions.com\/index.php\/wp-json\/wp\/v2\/media\/5035"}],"wp:attachment":[{"href":"https:\/\/serbenidorm.daliisolutions.com\/index.php\/wp-json\/wp\/v2\/media?parent=5034"}],"wp:term":[{"taxonomy":"category","embeddable":true,"href":"https:\/\/serbenidorm.daliisolutions.com\/index.php\/wp-json\/wp\/v2\/categories?post=5034"},{"taxonomy":"post_tag","embeddable":true,"href":"https:\/\/serbenidorm.daliisolutions.com\/index.php\/wp-json\/wp\/v2\/tags?post=5034"}],"curies":[{"name":"wp","href":"https:\/\/api.w.org\/{rel}","templated":true}]}}