{"id":5036,"date":"2024-05-14T13:37:57","date_gmt":"2024-05-14T11:37:57","guid":{"rendered":"https:\/\/serbenidorm.daliisolutions.com\/index.php\/2024\/05\/14\/confirmada-la-condena-de-trece-anos-a-un-hombre-por-violar-a-una-mujer-en-benidorm-tras-entrar-a-su-casa-por-el-balcon\/"},"modified":"2024-05-14T13:37:57","modified_gmt":"2024-05-14T11:37:57","slug":"confirmada-la-condena-de-trece-anos-a-un-hombre-por-violar-a-una-mujer-en-benidorm-tras-entrar-a-su-casa-por-el-balcon","status":"publish","type":"post","link":"https:\/\/serbenidorm.daliisolutions.com\/index.php\/2024\/05\/14\/confirmada-la-condena-de-trece-anos-a-un-hombre-por-violar-a-una-mujer-en-benidorm-tras-entrar-a-su-casa-por-el-balcon\/","title":{"rendered":"Confirmada la condena de trece a\u00f1os a un hombre por violar a una mujer en Benidorm tras entrar a su casa por el balc\u00f3n"},"content":{"rendered":"  <p>La Sala de lo Civil y Penal del<a href=\"https:\/\/cadenaser.com\/tag\/tsjv_tribunal_superior_justicia_valencia\/a\/\" target=\"_blank\" rel=\"noopener\"> Tribunal Superior de Justicia de la Comunidad Valenciana (TSJCV)<\/a> ha confirmado la condena de 13 a\u00f1os y tres meses de prisi\u00f3n impuestas en octubre del pasado a\u00f1o por la Audiencia de Alicante a un hombre por violar a una mujer tras acceder a la vivienda de \u00e9sta, en la ciudad de Benidorm, a trav\u00e9s del balc\u00f3n.<\/p>   <p>El Alto Tribunal valenciano desestima as\u00ed el recurso de apelaci\u00f3n interpuesto por infracci\u00f3n de ley por la defensa, al entender que la pena fijada por el delito de agresi\u00f3n sexual en concurso con un delito de allanamiento de morada, 12 a\u00f1os, es totalmente correcta.<\/p>  <p><p>M\u00e1s informaci\u00f3n<\/p><figure><img loading=\"lazy\" decoding=\"async\" src=\"https:\/\/cadenaser.com\/resizer\/v2\/TX3REHV4XVDNPHBLKDAR6UD4PU.jpg?auth=37ed6ce0cd0d2abed7256b02f7c2e2b79ba3b740fc0270054d3287320e6aa6fe&amp;quality=70&amp;width=360&amp;height=202&amp;smart=true\" width=\"820\" height=\"621\" \/><\/figure><ul><li><a href=\"https:\/\/cadenaser.com\/comunitat-valenciana\/2024\/05\/14\/piden-nueve-anos-de-carcel-para-dos-hombres-acusados-de-asaltar-un-hotel-de-benidorm-y-traficar-con-droga-radio-benidorm\/\"><span>Piden nueve a\u00f1os de c\u00e1rcel para dos hombres acusados de asaltar un hotel de Benidorm y traficar con droga<\/span><\/a><\/li><\/ul><\/p>   <p>La Sala precisa que el magistrado que presidi\u00f3 este juicio con jurado en la Audiencia alicantina ya aplic\u00f3 como m\u00e1s beneficiosa para el acusado la Ley Org\u00e1nica 10\/2022, conocida como Ley del solo s\u00ed es s\u00ed, por lo que \u201cen modo alguno se ha infringido el principio  de proporcionalidad\u201d.<\/p>   <p>Adem\u00e1s de esa condena de 12 a\u00f1os, la Audiencia impuso al condenado sendas penas de cinco meses de prisi\u00f3n por tres delitos de allanamiento  de morada en grado de tentativa, pues despu\u00e9s de la violaci\u00f3n, trat\u00f3 de entrar de nuevo en tres ocasiones en la casa de la v\u00edctima.<\/p>   <p>As\u00ed fueron los hechos<\/p>   <p>Los hechos se remontan al 12 de noviembre de 2021, cuando el hombre se dirigi\u00f3 a la vivienda de la perjudicada, ubicada en el segundo piso de  un bloque de viviendas de Benidorm en cuya planta baja hay un restaurante con un tejado de uralita.<\/p>   <p>El agresor conoc\u00eda a la v\u00edctima y sab\u00eda que estaba lesionada, porque \u00e9l mismo, junto a otro amigo, la hab\u00eda acompa\u00f1ado a casa un mes y medio antes, al sufrir una ca\u00eda que le produjo fracturas de tibia y peron\u00e9.<\/p>   <p>Una vez frente al edificio de la v\u00edctima, se encaram\u00f3 al tejado del bar y  de ah\u00ed escal\u00f3 por los barrotes de los balcones hasta llegar a la segunda planta y acceder al piso de la mujer a trav\u00e9s de la cristalera.<\/p>   <p>Ya dentro del piso, y tras sorprenderla en la cocina, le tap\u00f3 la boca y la llev\u00f3 a rastras hasta una habitaci\u00f3n, donde la agredi\u00f3 sexualmente. Tras ello, abandon\u00f3 la casa por la puerta principal despu\u00e9s de advertir a  la perjudicada que volver\u00eda.<\/p>   <p>El condenado cumpli\u00f3 esa amenaza hasta en tres ocasiones m\u00e1s, el 27 de  noviembre y los d\u00edas 2 y 28 de diciembre del mismo a\u00f1o, 2021, cuando subi\u00f3 al techo del bar y trep\u00f3 por la fachada de la finca hasta llegar a  los barrotes del balc\u00f3n de la v\u00edctima, aunque no logr\u00f3 entrar en el domicilio por los gritos de la mujer y por la  intervenci\u00f3n de un amigo de \u00e9sta.<\/p>   <p>La sentencia de apelaci\u00f3n del TSJCV, que est\u00e1 fechada el pasado 7 de marzo, puede ser recurrida en casaci\u00f3n ante el Tribunal Supremo.<\/p> ","protected":false},"excerpt":{"rendered":"<p>El TSJCV desestima el recurso de apelaci\u00f3n de la defensa al entender que la pena impuesta no infringe el principio de proporcionalidad<\/p>\n","protected":false},"author":0,"featured_media":5037,"comment_status":"open","ping_status":"open","sticky":false,"template":"","format":"standard","meta":{"_acf_changed":false,"footnotes":""},"categories":[1],"tags":[],"class_list":["post-5036","post","type-post","status-publish","format-standard","has-post-thumbnail","hentry","category-sin-categoria"],"acf":{"ser_id":"7VLHSOPJBRAQNOU3STE6LDAIGM","ser_url":"https:\/\/cadenaser.com\/comunitat-valenciana\/2024\/05\/14\/confirmada-la-condena-de-trece-anos-a-un-hombre-por-violar-a-una-mujer-en-benidorm-tras-entrar-a-su-casa-por-el-balcon-radio-benidorm\/"},"_links":{"self":[{"href":"https:\/\/serbenidorm.daliisolutions.com\/index.php\/wp-json\/wp\/v2\/posts\/5036","targetHints":{"allow":["GET"]}}],"collection":[{"href":"https:\/\/serbenidorm.daliisolutions.com\/index.php\/wp-json\/wp\/v2\/posts"}],"about":[{"href":"https:\/\/serbenidorm.daliisolutions.com\/index.php\/wp-json\/wp\/v2\/types\/post"}],"replies":[{"embeddable":true,"href":"https:\/\/serbenidorm.daliisolutions.com\/index.php\/wp-json\/wp\/v2\/comments?post=5036"}],"version-history":[{"count":0,"href":"https:\/\/serbenidorm.daliisolutions.com\/index.php\/wp-json\/wp\/v2\/posts\/5036\/revisions"}],"wp:featuredmedia":[{"embeddable":true,"href":"https:\/\/serbenidorm.daliisolutions.com\/index.php\/wp-json\/wp\/v2\/media\/5037"}],"wp:attachment":[{"href":"https:\/\/serbenidorm.daliisolutions.com\/index.php\/wp-json\/wp\/v2\/media?parent=5036"}],"wp:term":[{"taxonomy":"category","embeddable":true,"href":"https:\/\/serbenidorm.daliisolutions.com\/index.php\/wp-json\/wp\/v2\/categories?post=5036"},{"taxonomy":"post_tag","embeddable":true,"href":"https:\/\/serbenidorm.daliisolutions.com\/index.php\/wp-json\/wp\/v2\/tags?post=5036"}],"curies":[{"name":"wp","href":"https:\/\/api.w.org\/{rel}","templated":true}]}}