{"id":5038,"date":"2024-05-14T13:37:58","date_gmt":"2024-05-14T11:37:58","guid":{"rendered":"https:\/\/serbenidorm.daliisolutions.com\/index.php\/2024\/05\/14\/piden-nueve-anos-de-carcel-para-dos-hombres-acusados-de-asaltar-un-hotel-de-benidorm-y-traficar-con-droga\/"},"modified":"2024-05-14T13:37:58","modified_gmt":"2024-05-14T11:37:58","slug":"piden-nueve-anos-de-carcel-para-dos-hombres-acusados-de-asaltar-un-hotel-de-benidorm-y-traficar-con-droga","status":"publish","type":"post","link":"https:\/\/serbenidorm.daliisolutions.com\/index.php\/2024\/05\/14\/piden-nueve-anos-de-carcel-para-dos-hombres-acusados-de-asaltar-un-hotel-de-benidorm-y-traficar-con-droga\/","title":{"rendered":"Piden nueve a\u00f1os de c\u00e1rcel para dos hombres acusados de asaltar un hotel de Benidorm y traficar con droga"},"content":{"rendered":"  <p>Este martes est\u00e1 previsto el inicio en la Audiencia Provincial de Alicante del juicio a dos hombres a los que se les acusa de asaltar un hotel de Benidorm y de traficar con drogas en la zona, seg\u00fan ha informado el Tribunal Superior de Justicia de la Comunitat Valenciana (TSJCV).<\/p>   <p>La acusaci\u00f3n p\u00fablica sostiene que los encausados <a href=\"https:\/\/cadenaser.com\/tag\/benidorm\/a\/\" target=\"_blank\" rel=\"noopener\">accedieron de madrugada en octubre de 2018 a la recepci\u00f3n con sus rostros cubiertos con cascos de moto, apuntaron al vigilante con un arma de fuego y se llevaron dinero de la caja fuerte de la recepci\u00f3n del hotel<\/a>.<\/p>   <p>A continuaci\u00f3n, huyeron tras dejar encerrados al guardia y al recepcionista. Adem\u00e1s, entre febrero y marzo de 2019, estos dos acusados se dedicaron al tr\u00e1fico de drogas. La Fiscal\u00eda pide nueve a\u00f1os de c\u00e1rcel para cada uno por un delito de robo con violencia y otro contra la salud p\u00fablica.<\/p> ","protected":false},"excerpt":{"rendered":"<p>Se llevaron el dinero de la caja fuerte de la recepci\u00f3n<\/p>\n","protected":false},"author":0,"featured_media":5039,"comment_status":"open","ping_status":"open","sticky":false,"template":"","format":"standard","meta":{"_acf_changed":false,"footnotes":""},"categories":[1],"tags":[],"class_list":["post-5038","post","type-post","status-publish","format-standard","has-post-thumbnail","hentry","category-sin-categoria"],"acf":{"ser_id":"7P47TOTNGVBS3JG626DSTVZKSM","ser_url":"https:\/\/cadenaser.com\/comunitat-valenciana\/2024\/05\/14\/piden-nueve-anos-de-carcel-para-dos-hombres-acusados-de-asaltar-un-hotel-de-benidorm-y-traficar-con-droga-radio-benidorm\/"},"_links":{"self":[{"href":"https:\/\/serbenidorm.daliisolutions.com\/index.php\/wp-json\/wp\/v2\/posts\/5038","targetHints":{"allow":["GET"]}}],"collection":[{"href":"https:\/\/serbenidorm.daliisolutions.com\/index.php\/wp-json\/wp\/v2\/posts"}],"about":[{"href":"https:\/\/serbenidorm.daliisolutions.com\/index.php\/wp-json\/wp\/v2\/types\/post"}],"replies":[{"embeddable":true,"href":"https:\/\/serbenidorm.daliisolutions.com\/index.php\/wp-json\/wp\/v2\/comments?post=5038"}],"version-history":[{"count":0,"href":"https:\/\/serbenidorm.daliisolutions.com\/index.php\/wp-json\/wp\/v2\/posts\/5038\/revisions"}],"wp:featuredmedia":[{"embeddable":true,"href":"https:\/\/serbenidorm.daliisolutions.com\/index.php\/wp-json\/wp\/v2\/media\/5039"}],"wp:attachment":[{"href":"https:\/\/serbenidorm.daliisolutions.com\/index.php\/wp-json\/wp\/v2\/media?parent=5038"}],"wp:term":[{"taxonomy":"category","embeddable":true,"href":"https:\/\/serbenidorm.daliisolutions.com\/index.php\/wp-json\/wp\/v2\/categories?post=5038"},{"taxonomy":"post_tag","embeddable":true,"href":"https:\/\/serbenidorm.daliisolutions.com\/index.php\/wp-json\/wp\/v2\/tags?post=5038"}],"curies":[{"name":"wp","href":"https:\/\/api.w.org\/{rel}","templated":true}]}}