{"id":5040,"date":"2024-05-14T13:37:59","date_gmt":"2024-05-14T11:37:59","guid":{"rendered":"https:\/\/serbenidorm.daliisolutions.com\/index.php\/2024\/05\/14\/jaume-selles-heroe-del-ascenso-y-futuro-del-huesitos-la-vila\/"},"modified":"2024-05-14T13:37:59","modified_gmt":"2024-05-14T11:37:59","slug":"jaume-selles-heroe-del-ascenso-y-futuro-del-huesitos-la-vila","status":"publish","type":"post","link":"https:\/\/serbenidorm.daliisolutions.com\/index.php\/2024\/05\/14\/jaume-selles-heroe-del-ascenso-y-futuro-del-huesitos-la-vila\/","title":{"rendered":"Jaume Sell\u00e9s, h\u00e9roe del ascenso y futuro del Huesitos-La Vila"},"content":{"rendered":"  <p>El <a href=\"https:\/\/cadenaser.com\/tag\/club_rugby_la_vila\/a\/\" target=\"_blank\" rel=\"noopener\">Huesitos-La Vila<\/a> consigui\u00f3 el pasado domingo <a href=\"https:\/\/cadenaser.com\/comunitat-valenciana\/2024\/05\/12\/victoria-y-ascenso-para-el-huesitos-la-vila-radio-benidorm\/\" target=\"_blank\" rel=\"noopener\">imponerse en el campo de El Cantizal al Industriales Las Rozas en la gran final por el ascenso<\/a> a la m\u00e1xima categor\u00eda del rugby espa\u00f1ol. En ese choque, que se solvent\u00f3 con un marcador de 20-25 a favor del XV vilero y, gracias a ello, con el regreso de los de El Pantano a la Divisi\u00f3n de Honor s\u00f3lo un a\u00f1o despu\u00e9s del doloroso descenso sufrido la pasada temporada.<\/p>  <p><p>M\u00e1s informaci\u00f3n<\/p><figure><img loading=\"lazy\" decoding=\"async\" src=\"https:\/\/cadenaser.com\/resizer\/v2\/I3KF5R3JTRDF3L3XFPU7CWMHGY.jpg?auth=9d4eabd5c2a5a4bb63befc89258c41562ad1ec59989100aa0ee28cdaf10df283&amp;quality=70&amp;width=360&amp;height=202&amp;smart=true\" width=\"820\" height=\"621\" \/><\/figure><ul><li><a href=\"https:\/\/cadenaser.com\/comunitat-valenciana\/2024\/05\/12\/victoria-y-ascenso-para-el-huesitos-la-vila-radio-benidorm\/\"><span>Victoria y ascenso para el Huesitos-La Vila<\/span><\/a><\/li><\/ul><\/p>   <p>La fiesta, adem\u00e1s, fue redonda para los intereses de un Club de Rugby La Vila que se ha sometido a un profundo proceso de refundaci\u00f3n interna ya que Jaume Sell\u00e9s, uno de los grandes valores surgidos de la cantera vilera, se convirti\u00f3 en el h\u00e9roe del ascenso al anotar el ensayo que, a la postre, le dio el gran premio al <a href=\"https:\/\/cadenaser.com\/tag\/club_rugby_la_vila\/a\/\" target=\"_blank\" rel=\"noopener\">Huesitos-La Vila<\/a>.<\/p>   <p>Menos de 24 horas despu\u00e9s de haberle puesto la guinda a la temporada, Sell\u00e9s pas\u00f3 por los micr\u00f3fonos de <a href=\"https:\/\/cadenaser.com\/radio-benidorm\/ser-deportivos-benidorm\/\" target=\"_blank\" rel=\"noopener\">SER Deportivos Marina Baixa<\/a> para analizar ese partido hist\u00f3rico y atisbar los que ser\u00e1n sus objetivos en el regreso del equipo a la m\u00e1xima categor\u00eda.<\/p>   <p><p><strong>Sigue el canal de la SER en WhatsApp<\/strong><br \/>Encontrar\u00e1s toda la informaci\u00f3n, el deporte y el entretenimiento: la actualidad del d\u00eda y las noticias de \u00faltima hora, los mejores v\u00eddeos y momentos de la radio, entrevistas, reportajes y mucho m\u00e1s.<\/p><a href=\"https:\/\/www.whatsapp.com\/channel\/0029Va633PF9WtC4l7XUzh1e\" title=\"Suscr\u00edbete\">Suscr\u00edbete ahora<\/a><\/p> ","protected":false},"excerpt":{"rendered":"<p>El jovenc\u00edsimo jugador de la cantera del Club de Rugby La Vila anot\u00f3 el ensayo de la victoria en El Cantizal<\/p>\n","protected":false},"author":0,"featured_media":5041,"comment_status":"open","ping_status":"open","sticky":false,"template":"","format":"standard","meta":{"_acf_changed":false,"footnotes":""},"categories":[16],"tags":[],"class_list":["post-5040","post","type-post","status-publish","format-standard","has-post-thumbnail","hentry","category-deportes"],"acf":{"ser_id":"5XWIIW7PRZEFFOCQPKVHNZV5UY","ser_url":"https:\/\/cadenaser.com\/comunitat-valenciana\/2024\/05\/14\/jaume-selles-heroe-del-ascenso-y-futuro-del-huesitos-la-vila-radio-benidorm\/"},"_links":{"self":[{"href":"https:\/\/serbenidorm.daliisolutions.com\/index.php\/wp-json\/wp\/v2\/posts\/5040","targetHints":{"allow":["GET"]}}],"collection":[{"href":"https:\/\/serbenidorm.daliisolutions.com\/index.php\/wp-json\/wp\/v2\/posts"}],"about":[{"href":"https:\/\/serbenidorm.daliisolutions.com\/index.php\/wp-json\/wp\/v2\/types\/post"}],"replies":[{"embeddable":true,"href":"https:\/\/serbenidorm.daliisolutions.com\/index.php\/wp-json\/wp\/v2\/comments?post=5040"}],"version-history":[{"count":0,"href":"https:\/\/serbenidorm.daliisolutions.com\/index.php\/wp-json\/wp\/v2\/posts\/5040\/revisions"}],"wp:featuredmedia":[{"embeddable":true,"href":"https:\/\/serbenidorm.daliisolutions.com\/index.php\/wp-json\/wp\/v2\/media\/5041"}],"wp:attachment":[{"href":"https:\/\/serbenidorm.daliisolutions.com\/index.php\/wp-json\/wp\/v2\/media?parent=5040"}],"wp:term":[{"taxonomy":"category","embeddable":true,"href":"https:\/\/serbenidorm.daliisolutions.com\/index.php\/wp-json\/wp\/v2\/categories?post=5040"},{"taxonomy":"post_tag","embeddable":true,"href":"https:\/\/serbenidorm.daliisolutions.com\/index.php\/wp-json\/wp\/v2\/tags?post=5040"}],"curies":[{"name":"wp","href":"https:\/\/api.w.org\/{rel}","templated":true}]}}