{"id":5042,"date":"2024-05-14T13:37:59","date_gmt":"2024-05-14T11:37:59","guid":{"rendered":"https:\/\/serbenidorm.daliisolutions.com\/index.php\/2024\/05\/14\/nacho-valles-y-ramiro-martinez-nominados-al-7-ideal-de-la-liga-asobal\/"},"modified":"2024-05-14T13:37:59","modified_gmt":"2024-05-14T11:37:59","slug":"nacho-valles-y-ramiro-martinez-nominados-al-7-ideal-de-la-liga-asobal","status":"publish","type":"post","link":"https:\/\/serbenidorm.daliisolutions.com\/index.php\/2024\/05\/14\/nacho-valles-y-ramiro-martinez-nominados-al-7-ideal-de-la-liga-asobal\/","title":{"rendered":"Nacho Valles y Ramiro Mart\u00ednez, nominados al 7 ideal de la Liga Asobal"},"content":{"rendered":"  <p>A falta de dos jornadas para el final de la presente edici\u00f3n de la <a href=\"https:\/\/cadenaser.com\/tag\/liga_asobal\/a\/\">Liga Asobal<\/a>, dos jugadores del <a href=\"https:\/\/cadenaser.com\/tag\/club_balonmano_benidorm\/a\/\" target=\"_blank\" rel=\"noopener\">TM Benidorm<\/a> han sido nominados a formar parte del \u20187 ideal\u2019 de la temporada. En concreto, se trata del central Nacho Valles y del extremo derecho Ramiro Mart\u00ednez, ambos ya confirmados para <a href=\"https:\/\/cadenaser.com\/comunitat-valenciana\/2024\/04\/03\/esta-sera-la-plantilla-del-tm-benidorm-para-la-temporada-2024-2025-radio-benidorm\/\">la que ser\u00e1 la plantilla del equipo del Palau d\u2019Esports l\u2019Illa de Benidorm para la pr\u00f3xima temporada<\/a>.<\/p>  <p><p>M\u00e1s informaci\u00f3n<\/p><figure><img loading=\"lazy\" decoding=\"async\" src=\"https:\/\/cadenaser.com\/resizer\/v2\/5ZWSYU7GJFFQ5GWETVIVLB4AJU.jpg?auth=87750ee4a54dc3c42b83f6db41b1d40b39bc414c2280a81879e6bb5761f6fcbd&amp;quality=70&amp;width=360&amp;height=202&amp;smart=true\" width=\"820\" height=\"621\" \/><\/figure><ul><li><a href=\"https:\/\/cadenaser.com\/tag\/club_balonmano_benidorm\/a\/\"><span>Todas las noticias del TM Benidorm<\/span><\/a><\/li><\/ul><\/p>   <p>La Liga Asobal ha seleccionado a cinco jugadores por puesto y a otros tantos entrenadores. As\u00ed las cosas, en el caso del argentino Ramiro Mart\u00ednez, se juega su designaci\u00f3n como mejor extremo derecho del a\u00f1o con Janilson Varela (Cangas), Rudolph Hackbarth (Cuenca), Carlos \u00c1lvarez (Ademar de Le\u00f3n) y David Cadarso (Logro\u00f1o).<\/p>   <p>Por su parte, Nacho Valles, que ha destacado como el hombre m\u00e1s determinante del TM Benidorm a lo largo de toda la presente temporada, tendr\u00e1 como rivales en la pelea por ser el mejor central a Isidoro Mart\u00ednez (Torrelavega), Juan Castro (Ademar de Le\u00f3n), Tincho Jung (Puente Genil) y Bruno Reguart (Granollers).<\/p>   <p>El plazo de votaci\u00f3n, que ya se ha abierto (<a href=\"https:\/\/asobal.es\/liga\/equipo-ideal\/\">enlace aqu\u00ed<\/a>), se prolongar\u00e1 hasta el pr\u00f3ximo d\u00eda 16 de mayo.<\/p>   <p><p><strong>Sigue el canal de la SER en WhatsApp<\/strong><br \/>Encontrar\u00e1s toda la informaci\u00f3n, el deporte y el entretenimiento: la actualidad del d\u00eda y las noticias de \u00faltima hora, los mejores v\u00eddeos y momentos de la radio, entrevistas, reportajes y mucho m\u00e1s.<\/p><a href=\"https:\/\/www.whatsapp.com\/channel\/0029Va633PF9WtC4l7XUzh1e\" title=\"Suscr\u00edbete\">Suscr\u00edbete ahora<\/a><\/p> ","protected":false},"excerpt":{"rendered":"<p>Los dos jugadores del TM Benidorm optan a ser nombrados miembros del equipo ideal de la temporada<\/p>\n","protected":false},"author":0,"featured_media":5043,"comment_status":"open","ping_status":"open","sticky":false,"template":"","format":"standard","meta":{"_acf_changed":false,"footnotes":""},"categories":[16],"tags":[],"class_list":["post-5042","post","type-post","status-publish","format-standard","has-post-thumbnail","hentry","category-deportes"],"acf":{"ser_id":"4SUVVSZQEFEFXGY5JUDJR3KP2Y","ser_url":"https:\/\/cadenaser.com\/comunitat-valenciana\/2024\/05\/14\/nacho-valles-y-ramiro-martinez-nominados-al-7-ideal-de-la-liga-asobal-radio-benidorm\/"},"_links":{"self":[{"href":"https:\/\/serbenidorm.daliisolutions.com\/index.php\/wp-json\/wp\/v2\/posts\/5042","targetHints":{"allow":["GET"]}}],"collection":[{"href":"https:\/\/serbenidorm.daliisolutions.com\/index.php\/wp-json\/wp\/v2\/posts"}],"about":[{"href":"https:\/\/serbenidorm.daliisolutions.com\/index.php\/wp-json\/wp\/v2\/types\/post"}],"replies":[{"embeddable":true,"href":"https:\/\/serbenidorm.daliisolutions.com\/index.php\/wp-json\/wp\/v2\/comments?post=5042"}],"version-history":[{"count":0,"href":"https:\/\/serbenidorm.daliisolutions.com\/index.php\/wp-json\/wp\/v2\/posts\/5042\/revisions"}],"wp:featuredmedia":[{"embeddable":true,"href":"https:\/\/serbenidorm.daliisolutions.com\/index.php\/wp-json\/wp\/v2\/media\/5043"}],"wp:attachment":[{"href":"https:\/\/serbenidorm.daliisolutions.com\/index.php\/wp-json\/wp\/v2\/media?parent=5042"}],"wp:term":[{"taxonomy":"category","embeddable":true,"href":"https:\/\/serbenidorm.daliisolutions.com\/index.php\/wp-json\/wp\/v2\/categories?post=5042"},{"taxonomy":"post_tag","embeddable":true,"href":"https:\/\/serbenidorm.daliisolutions.com\/index.php\/wp-json\/wp\/v2\/tags?post=5042"}],"curies":[{"name":"wp","href":"https:\/\/api.w.org\/{rel}","templated":true}]}}