{"id":5044,"date":"2024-05-14T13:38:00","date_gmt":"2024-05-14T11:38:00","guid":{"rendered":"https:\/\/serbenidorm.daliisolutions.com\/index.php\/2024\/05\/14\/el-c-f-benidorm-recibira-este-domingo-el-trofeo-de-campeon-de-la-lliga-comunitat\/"},"modified":"2024-05-14T13:38:00","modified_gmt":"2024-05-14T11:38:00","slug":"el-c-f-benidorm-recibira-este-domingo-el-trofeo-de-campeon-de-la-lliga-comunitat","status":"publish","type":"post","link":"https:\/\/serbenidorm.daliisolutions.com\/index.php\/2024\/05\/14\/el-c-f-benidorm-recibira-este-domingo-el-trofeo-de-campeon-de-la-lliga-comunitat\/","title":{"rendered":"El C.F. Benidorm recibir\u00e1 este domingo el trofeo de campe\u00f3n de la Lliga Comunitat"},"content":{"rendered":"  <p><a href=\"https:\/\/cadenaser.com\/comunitat-valenciana\/2024\/04\/28\/campeones-radio-benidorm\/\" target=\"_blank\" rel=\"noopener\">Ascendido de forma matem\u00e1tica a Tercera RFEF desde hace ya varias semanas<\/a>, el <a href=\"https:\/\/cadenaser.com\/tag\/club_futbol_benidorm\/a\/\" target=\"_blank\" rel=\"noopener\">C.F. Benidorm<\/a> afronta este domingo (18:00 horas) como local la \u00faltima jornada de la presente temporada recibiendo en el Guillermo Amor al Callosa Deportiva, un equipo de la zona baja al que s\u00f3lo le vale la victoria para seguir teniendo opciones, en funci\u00f3n de los resultados de sus rivales m\u00e1s directos, de salvaci\u00f3n.<\/p>   <p>M\u00e1s all\u00e1 de lo meramente deportivo, el partido que se disputar\u00e1 en la capital tur\u00edstica servir\u00e1 para que el equipo local se d\u00e9 otro ba\u00f1o de masas ante su afici\u00f3n y, sobre todo, para recibir el trofeo de <a href=\"https:\/\/cadenaser.com\/comunitat-valenciana\/2024\/04\/28\/campeones-radio-benidorm\/\" target=\"_blank\" rel=\"noopener\">campe\u00f3n del grupo sur de la Lliga Comunitat<\/a> en un acto que tendr\u00e1 lugar en los instantes previos al inicio del choque.<\/p>  <p><p>M\u00e1s informaci\u00f3n<\/p><figure><img loading=\"lazy\" decoding=\"async\" src=\"https:\/\/cadenaser.com\/resizer\/v2\/JRFQOQSLRBHLNJVIP6VDHWBNJU.jpeg?auth=401017e5e80a1966ae4dc740fc83ff0a19b2e85edf7bc5291e00ddd1deaae7ab&amp;quality=70&amp;width=360&amp;height=202&amp;smart=true\" width=\"820\" height=\"621\" \/><\/figure><ul><li><a href=\"https:\/\/cadenaser.com\/comunitat-valenciana\/2024\/05\/10\/jose-luis-minano-descubre-su-playlist-en-la-musica-de-tu-vida-radio-benidorm\/\"><span>Jos\u00e9 Luis Mi\u00f1ano descubre su playlist en \u2018La m\u00fasica de tu vida\u2019<\/span><\/a><\/li><\/ul><\/p>   <p>El <a href=\"https:\/\/cadenaser.com\/tag\/club_futbol_benidorm\/a\/\" target=\"_blank\" rel=\"noopener\">C.F. Benidorm<\/a> intentar\u00e1, adem\u00e1s, redondear la temporada manteniendo su condici\u00f3n de equipo m\u00e1s goleador (55 tantos a favor frente a los 48 que actualmente suman Crevillente Deportivo y Eldense B) y menos goleados (24 goles en contra frente a los 26 que han encajado por el momento el Crevillente Deportivo y el Ol\u00edmpic de X\u00e0tiva).<\/p>   <p>Adem\u00e1s, un triunfo har\u00eda olvidar el tropiezo sufrido la pasada semana en Calpe y permitir\u00eda a los de Miguel \u00c1ngel Mart\u00ednez cerrar el a\u00f1o con 22 victorias, cinco empates y s\u00f3lo tres derrotas.<\/p>   <p><p><strong>Sigue el canal de la SER en WhatsApp<\/strong><br \/>Encontrar\u00e1s toda la informaci\u00f3n, el deporte y el entretenimiento: la actualidad del d\u00eda y las noticias de \u00faltima hora, los mejores v\u00eddeos y momentos de la radio, entrevistas, reportajes y mucho m\u00e1s.<\/p><a href=\"https:\/\/www.whatsapp.com\/channel\/0029Va633PF9WtC4l7XUzh1e\" title=\"Suscr\u00edbete\">Suscr\u00edbete ahora<\/a><\/p> ","protected":false},"excerpt":{"rendered":"<p>El equipo de Miguel \u00c1ngel Mart\u00ednez disputa la \u00faltima jornada en casa ante el Callosa Deportiva<\/p>\n","protected":false},"author":0,"featured_media":5045,"comment_status":"open","ping_status":"open","sticky":false,"template":"","format":"standard","meta":{"_acf_changed":false,"footnotes":""},"categories":[16],"tags":[],"class_list":["post-5044","post","type-post","status-publish","format-standard","has-post-thumbnail","hentry","category-deportes"],"acf":{"ser_id":"3NA3YLZQEVGPFBOI56WPNWRXHM","ser_url":"https:\/\/cadenaser.com\/comunitat-valenciana\/2024\/05\/14\/el-cf-benidorm-recibira-este-domingo-el-trofeo-de-campeon-de-la-lliga-comunitat-radio-benidorm\/"},"_links":{"self":[{"href":"https:\/\/serbenidorm.daliisolutions.com\/index.php\/wp-json\/wp\/v2\/posts\/5044","targetHints":{"allow":["GET"]}}],"collection":[{"href":"https:\/\/serbenidorm.daliisolutions.com\/index.php\/wp-json\/wp\/v2\/posts"}],"about":[{"href":"https:\/\/serbenidorm.daliisolutions.com\/index.php\/wp-json\/wp\/v2\/types\/post"}],"replies":[{"embeddable":true,"href":"https:\/\/serbenidorm.daliisolutions.com\/index.php\/wp-json\/wp\/v2\/comments?post=5044"}],"version-history":[{"count":0,"href":"https:\/\/serbenidorm.daliisolutions.com\/index.php\/wp-json\/wp\/v2\/posts\/5044\/revisions"}],"wp:featuredmedia":[{"embeddable":true,"href":"https:\/\/serbenidorm.daliisolutions.com\/index.php\/wp-json\/wp\/v2\/media\/5045"}],"wp:attachment":[{"href":"https:\/\/serbenidorm.daliisolutions.com\/index.php\/wp-json\/wp\/v2\/media?parent=5044"}],"wp:term":[{"taxonomy":"category","embeddable":true,"href":"https:\/\/serbenidorm.daliisolutions.com\/index.php\/wp-json\/wp\/v2\/categories?post=5044"},{"taxonomy":"post_tag","embeddable":true,"href":"https:\/\/serbenidorm.daliisolutions.com\/index.php\/wp-json\/wp\/v2\/tags?post=5044"}],"curies":[{"name":"wp","href":"https:\/\/api.w.org\/{rel}","templated":true}]}}