{"id":5046,"date":"2024-05-14T13:38:01","date_gmt":"2024-05-14T11:38:01","guid":{"rendered":"https:\/\/serbenidorm.daliisolutions.com\/index.php\/2024\/05\/14\/laura-fernandez-renovada-en-el-medsur-finestrat\/"},"modified":"2024-05-14T13:38:01","modified_gmt":"2024-05-14T11:38:01","slug":"laura-fernandez-renovada-en-el-medsur-finestrat","status":"publish","type":"post","link":"https:\/\/serbenidorm.daliisolutions.com\/index.php\/2024\/05\/14\/laura-fernandez-renovada-en-el-medsur-finestrat\/","title":{"rendered":"Laura Fern\u00e1ndez, renovada en el Medsur-Finestrat"},"content":{"rendered":"  <p>El Medsur-Finestrat y la que ha sido su capitana a lo largo de la \u00faltima temporada, Laura Fern\u00e1ndez, han alcanzado un acuerdo de renovaci\u00f3n para que la opuesta siga formando parte de la plantilla que dirigir\u00e1 Juanvi Llinares la pr\u00f3xima campa\u00f1a.<\/p>   <p>Con s\u00f3lo 23 a\u00f1os, Fern\u00e1ndez ha completado ya su quinta temporada en la categor\u00eda de plata del v\u00f3ley femenino nacional alcanzando su mejor actuaci\u00f3n hist\u00f3rica con 209 puntos, lo que la ha convertido en la gran referencia en el ataque finestratense.<\/p>   <p>Desde el Club Voleibol Finestrat se ha destacado a Fern\u00e1ndez como \u201cun ejemplo de trabajo, esfuerzo y compa\u00f1erismo para toda nuestra cantera y para las pr\u00f3ximas generaciones que lleguen al equipo\u201d.<\/p>   <p><p><strong>Sigue el canal de la SER en WhatsApp<\/strong><br \/>Encontrar\u00e1s toda la informaci\u00f3n, el deporte y el entretenimiento: la actualidad del d\u00eda y las noticias de \u00faltima hora, los mejores v\u00eddeos y momentos de la radio, entrevistas, reportajes y mucho m\u00e1s.<\/p><a href=\"https:\/\/www.whatsapp.com\/channel\/0029Va633PF9WtC4l7XUzh1e\" title=\"Suscr\u00edbete\">Suscr\u00edbete ahora<\/a><\/p> ","protected":false},"excerpt":{"rendered":"<p>La capitana del equipo, de s\u00f3lo 23 a\u00f1os, ha completado su mejor temporada en Superliga 2<\/p>\n","protected":false},"author":0,"featured_media":5047,"comment_status":"open","ping_status":"open","sticky":false,"template":"","format":"standard","meta":{"_acf_changed":false,"footnotes":""},"categories":[16],"tags":[],"class_list":["post-5046","post","type-post","status-publish","format-standard","has-post-thumbnail","hentry","category-deportes"],"acf":{"ser_id":"INCMDBHP5RDL7HAZY2VWJVJKQY","ser_url":"https:\/\/cadenaser.com\/comunitat-valenciana\/2024\/05\/14\/laura-fernandez-renovada-en-el-medsur-finestrat-radio-benidorm\/"},"_links":{"self":[{"href":"https:\/\/serbenidorm.daliisolutions.com\/index.php\/wp-json\/wp\/v2\/posts\/5046","targetHints":{"allow":["GET"]}}],"collection":[{"href":"https:\/\/serbenidorm.daliisolutions.com\/index.php\/wp-json\/wp\/v2\/posts"}],"about":[{"href":"https:\/\/serbenidorm.daliisolutions.com\/index.php\/wp-json\/wp\/v2\/types\/post"}],"replies":[{"embeddable":true,"href":"https:\/\/serbenidorm.daliisolutions.com\/index.php\/wp-json\/wp\/v2\/comments?post=5046"}],"version-history":[{"count":0,"href":"https:\/\/serbenidorm.daliisolutions.com\/index.php\/wp-json\/wp\/v2\/posts\/5046\/revisions"}],"wp:featuredmedia":[{"embeddable":true,"href":"https:\/\/serbenidorm.daliisolutions.com\/index.php\/wp-json\/wp\/v2\/media\/5047"}],"wp:attachment":[{"href":"https:\/\/serbenidorm.daliisolutions.com\/index.php\/wp-json\/wp\/v2\/media?parent=5046"}],"wp:term":[{"taxonomy":"category","embeddable":true,"href":"https:\/\/serbenidorm.daliisolutions.com\/index.php\/wp-json\/wp\/v2\/categories?post=5046"},{"taxonomy":"post_tag","embeddable":true,"href":"https:\/\/serbenidorm.daliisolutions.com\/index.php\/wp-json\/wp\/v2\/tags?post=5046"}],"curies":[{"name":"wp","href":"https:\/\/api.w.org\/{rel}","templated":true}]}}