{"id":5048,"date":"2024-05-14T13:38:02","date_gmt":"2024-05-14T11:38:02","guid":{"rendered":"https:\/\/serbenidorm.daliisolutions.com\/index.php\/2024\/05\/14\/el-club-atletismo-la-nucia-busca-voluntarios-para-el-campeonato-de-espana\/"},"modified":"2024-05-14T13:38:02","modified_gmt":"2024-05-14T11:38:02","slug":"el-club-atletismo-la-nucia-busca-voluntarios-para-el-campeonato-de-espana","status":"publish","type":"post","link":"https:\/\/serbenidorm.daliisolutions.com\/index.php\/2024\/05\/14\/el-club-atletismo-la-nucia-busca-voluntarios-para-el-campeonato-de-espana\/","title":{"rendered":"El Club Atletismo La Nuc\u00eda busca voluntarios para el Campeonato de Espa\u00f1a"},"content":{"rendered":"  <p>El Estadi Ol\u00edmpic de La Nuc\u00eda acoger\u00e1 una important\u00edsima doble cita a finales del mes de junio y principios de julio con la celebraci\u00f3n del Campeonato de Espa\u00f1a Absoluto (del 28 al 30 de junio) y el Campeonato de Espa\u00f1a por Federaciones (6 de julio), de las que saldr\u00e1 buena parte del equipo que representar\u00e1 a Espa\u00f1a en los inminentes Juegos Ol\u00edmpicos de Par\u00eds, cuyo programa de atletismo se disputar\u00e1 del 1 al 11 de agosto en Stade de France y en Trocadero (para las pruebas de larga distancia como la marcha o el marat\u00f3n).<\/p>   <p>De cara a la celebraci\u00f3n de esos dos campeonatos nacionales, el Club Atletismo La Nuc\u00eda, organizador local de los eventos, sigue buscando voluntarios que quieran participar y vivir desde dentro esta apasionante gran fiesta del atletismo en un momento tan crucial como es la \u00faltima competici\u00f3n de alto nivel antes de unos Juegos Ol\u00edmpicos.<\/p>   <p>Las personas interesadas pueden formalizar su inscripci\u00f3n en el <a href=\"https:\/\/docs.google.com\/forms\/d\/e\/1FAIpQLSeP-3xKE1bMhfonJsmTqTaV3FoWe4YwudBCFoGKxlL7ZJG9Gg\/viewform\">formulario que el Club Atletismo La Nuc\u00eda ha creado a tal efecto<\/a>.<\/p>   <p><p><strong>Sigue el canal de la SER en WhatsApp<\/strong><br \/>Encontrar\u00e1s toda la informaci\u00f3n, el deporte y el entretenimiento: la actualidad del d\u00eda y las noticias de \u00faltima hora, los mejores v\u00eddeos y momentos de la radio, entrevistas, reportajes y mucho m\u00e1s.<\/p><a href=\"https:\/\/www.whatsapp.com\/channel\/0029Va633PF9WtC4l7XUzh1e\" title=\"Suscr\u00edbete\">Suscr\u00edbete ahora<\/a><\/p> ","protected":false},"excerpt":{"rendered":"<p>El Estadi Ol\u00edmpic Camilo Cano acoger\u00e1 las dos grandes citas nacionales antes de los Juegos de Par\u00eds<\/p>\n","protected":false},"author":0,"featured_media":5049,"comment_status":"open","ping_status":"open","sticky":false,"template":"","format":"standard","meta":{"_acf_changed":false,"footnotes":""},"categories":[16],"tags":[],"class_list":["post-5048","post","type-post","status-publish","format-standard","has-post-thumbnail","hentry","category-deportes"],"acf":{"ser_id":"NQPDBQYRPRCKBDCIGCSRXA2BEA","ser_url":"https:\/\/cadenaser.com\/comunitat-valenciana\/2024\/05\/14\/el-club-atletismo-la-nucia-busca-voluntarios-para-el-campeonato-de-espana-radio-benidorm\/"},"_links":{"self":[{"href":"https:\/\/serbenidorm.daliisolutions.com\/index.php\/wp-json\/wp\/v2\/posts\/5048","targetHints":{"allow":["GET"]}}],"collection":[{"href":"https:\/\/serbenidorm.daliisolutions.com\/index.php\/wp-json\/wp\/v2\/posts"}],"about":[{"href":"https:\/\/serbenidorm.daliisolutions.com\/index.php\/wp-json\/wp\/v2\/types\/post"}],"replies":[{"embeddable":true,"href":"https:\/\/serbenidorm.daliisolutions.com\/index.php\/wp-json\/wp\/v2\/comments?post=5048"}],"version-history":[{"count":0,"href":"https:\/\/serbenidorm.daliisolutions.com\/index.php\/wp-json\/wp\/v2\/posts\/5048\/revisions"}],"wp:featuredmedia":[{"embeddable":true,"href":"https:\/\/serbenidorm.daliisolutions.com\/index.php\/wp-json\/wp\/v2\/media\/5049"}],"wp:attachment":[{"href":"https:\/\/serbenidorm.daliisolutions.com\/index.php\/wp-json\/wp\/v2\/media?parent=5048"}],"wp:term":[{"taxonomy":"category","embeddable":true,"href":"https:\/\/serbenidorm.daliisolutions.com\/index.php\/wp-json\/wp\/v2\/categories?post=5048"},{"taxonomy":"post_tag","embeddable":true,"href":"https:\/\/serbenidorm.daliisolutions.com\/index.php\/wp-json\/wp\/v2\/tags?post=5048"}],"curies":[{"name":"wp","href":"https:\/\/api.w.org\/{rel}","templated":true}]}}