{"id":5060,"date":"2024-05-14T13:40:40","date_gmt":"2024-05-14T11:40:40","guid":{"rendered":"https:\/\/serbenidorm.daliisolutions.com\/index.php\/2024\/05\/14\/cinco-representaciones-amateurs-y-profesionales-en-la-ii-muestra-de-teatro-de-benidorm\/"},"modified":"2024-05-14T13:40:40","modified_gmt":"2024-05-14T11:40:40","slug":"cinco-representaciones-amateurs-y-profesionales-en-la-ii-muestra-de-teatro-de-benidorm","status":"publish","type":"post","link":"https:\/\/serbenidorm.daliisolutions.com\/index.php\/2024\/05\/14\/cinco-representaciones-amateurs-y-profesionales-en-la-ii-muestra-de-teatro-de-benidorm\/","title":{"rendered":"Cinco representaciones amateurs y profesionales en la II Muestra de Teatro de Benidorm"},"content":{"rendered":"  <p>El Centro Cultural de Benidorm acoger\u00e1 a partir de este viernes la segunda edici\u00f3n de la Muestra de Teatro que este a\u00f1o contar\u00e1 con 5 representaciones y que subir\u00e1 al escenario tanto a grupos locales amateurs como a compa\u00f1\u00edas profesionales.<\/p>   <p>El edil de Cultura, Jaime Jes\u00fas P\u00e9rez, ha estado en <a href=\"\/\/radiobenidorm.es\" target=\"_blank\" rel=\"noopener\">Hoy por Hoy Benidorm<\/a> y ha detallado el programa de representaciones que se repartir\u00e1n entre este fin de semana y el siguiente. \u00abQueremos que toda la familia pueda disfrutar de las diferentes propuestas que conforman esta Muestra, en la que se ha buscado ofrecer al espectador diferentes estilos y g\u00e9neros\u201d, ha apuntado. <\/p>   <p>La Muestra se estrena este viernes 17 a las 20.00 horas con la obra <a href=\"https:\/\/cadenaser.com\/audio\/1710250644474\/\" target=\"_blank\" rel=\"noopener\">\u2018Esto no es vida\u2019 de la compa\u00f1\u00eda Arteatro <\/a>con la direcci\u00f3n de Ana Maestre. Un d\u00eda despu\u00e9s se representar\u00e1 \u2018Niebla\u2019, una adaptaci\u00f3n de la obra de Miguel de Unamuno, por la compa\u00f1\u00eda local Catarsis y <a href=\"https:\/\/cadenaser.com\/comunitat-valenciana\/2022\/11\/25\/el-radioteatro-vuelve-a-radio-benidorm-escucha-ya-la-primera-obra-radio-benidorm\/\" target=\"_blank\" rel=\"noopener\">la direcci\u00f3n de Manuel Palaz\u00f3n.<\/a> El 19 de mayo DobleK Teatro representar\u00e1 la comedia \u2018Mam\u00e1\u2019.<\/p>   <p>La semana siguiente, el viernes 24, la compa\u00f1\u00eda Alp\u00ed Teatre pondr\u00e1 en escena la obra \u2018Las gracias mohosas\u2019 bajo la direcci\u00f3n de Ricardo Molina; mientras que la obra de humor gestual \u2018Limit\u2019, de la compa\u00f1\u00eda Mar\u00eda Andr\u00e9s, cerrar\u00e1 la Mostra el s\u00e1bado 25.<\/p>   <p>El concejal de Cultura ha recordado que las entradas para acudir a cualquiera de las cinco obras programadas ya est\u00e1n disponibles a trav\u00e9s de la p\u00e1gina web <a href=\"http:\/\/www.entradasatualcance.com\/\" target=\"_blank\" rel=\"noopener\">www.entradasatualcance.com<\/a>, con un precio que var\u00eda entre los 5 y los 7 euros.<\/p>   <p>P\u00e9rez ha anunciado que \u201cpara facilitar el proceso de adquisici\u00f3n de entradas a aquellas personas que puedan tener dificultades t\u00e9cnicas o que no est\u00e9n habituadas a estos canales de distribuci\u00f3n, vamos a establecer en el departamento de Cultura, ubicado en la tercera planta del ayuntamiento, un punto de atenci\u00f3n presencial, que estar\u00e1 operativo esta semana de 10.00 a 14.00 horas\u201d.<\/p>   <p>Del mismo modo, este servicio estar\u00e1 tambi\u00e9n operativo en las instalaciones del centro cultural el viernes, s\u00e1bado y domingo desde las 18.00 horas hasta el inicio de las representaciones.<\/p>   <p><p><strong>Sigue el canal de la SER en WhatsApp<\/strong><br \/>Encontrar\u00e1s toda la informaci\u00f3n, el deporte y el entretenimiento: la actualidad del d\u00eda y las noticias de \u00faltima hora, los mejores v\u00eddeos y momentos de la radio, entrevistas, reportajes y mucho m\u00e1s.<\/p><a href=\"https:\/\/www.whatsapp.com\/channel\/0029Va633PF9WtC4l7XUzh1e\" title=\"Suscr\u00edbete\">Suscr\u00edbete ahora<\/a><\/p> ","protected":false},"excerpt":{"rendered":"<p>Las funciones tendr\u00e1n lugar durante los pr\u00f3ximos fines de semana en el Centro Cultural<\/p>\n","protected":false},"author":0,"featured_media":5061,"comment_status":"open","ping_status":"open","sticky":false,"template":"","format":"standard","meta":{"_acf_changed":false,"footnotes":""},"categories":[1],"tags":[],"class_list":["post-5060","post","type-post","status-publish","format-standard","has-post-thumbnail","hentry","category-sin-categoria"],"acf":{"ser_id":"5J6PCMHQWVEKHP2COCM46ZDDAY","ser_url":"https:\/\/cadenaser.com\/comunitat-valenciana\/2024\/05\/14\/cinco-representaciones-amateurs-y-profesionales-en-la-ii-muestra-de-teatro-de-benidorm-radio-benidorm\/"},"_links":{"self":[{"href":"https:\/\/serbenidorm.daliisolutions.com\/index.php\/wp-json\/wp\/v2\/posts\/5060","targetHints":{"allow":["GET"]}}],"collection":[{"href":"https:\/\/serbenidorm.daliisolutions.com\/index.php\/wp-json\/wp\/v2\/posts"}],"about":[{"href":"https:\/\/serbenidorm.daliisolutions.com\/index.php\/wp-json\/wp\/v2\/types\/post"}],"replies":[{"embeddable":true,"href":"https:\/\/serbenidorm.daliisolutions.com\/index.php\/wp-json\/wp\/v2\/comments?post=5060"}],"version-history":[{"count":0,"href":"https:\/\/serbenidorm.daliisolutions.com\/index.php\/wp-json\/wp\/v2\/posts\/5060\/revisions"}],"wp:featuredmedia":[{"embeddable":true,"href":"https:\/\/serbenidorm.daliisolutions.com\/index.php\/wp-json\/wp\/v2\/media\/5061"}],"wp:attachment":[{"href":"https:\/\/serbenidorm.daliisolutions.com\/index.php\/wp-json\/wp\/v2\/media?parent=5060"}],"wp:term":[{"taxonomy":"category","embeddable":true,"href":"https:\/\/serbenidorm.daliisolutions.com\/index.php\/wp-json\/wp\/v2\/categories?post=5060"},{"taxonomy":"post_tag","embeddable":true,"href":"https:\/\/serbenidorm.daliisolutions.com\/index.php\/wp-json\/wp\/v2\/tags?post=5060"}],"curies":[{"name":"wp","href":"https:\/\/api.w.org\/{rel}","templated":true}]}}