{"id":5062,"date":"2024-05-14T17:00:19","date_gmt":"2024-05-14T15:00:19","guid":{"rendered":"https:\/\/serbenidorm.daliisolutions.com\/index.php\/2024\/05\/14\/partido-de-primera-en-el-guillermo-amor-el-benidorm-se-medira-al-valencia-en-un-amistoso\/"},"modified":"2024-05-14T17:00:19","modified_gmt":"2024-05-14T15:00:19","slug":"partido-de-primera-en-el-guillermo-amor-el-benidorm-se-medira-al-valencia-en-un-amistoso","status":"publish","type":"post","link":"https:\/\/serbenidorm.daliisolutions.com\/index.php\/2024\/05\/14\/partido-de-primera-en-el-guillermo-amor-el-benidorm-se-medira-al-valencia-en-un-amistoso\/","title":{"rendered":"Partido de Primera en el Guillermo Amor: El Benidorm se medir\u00e1 al Valencia en un amistoso"},"content":{"rendered":"  <p>La gran temporada que ha completado el <a href=\"https:\/\/cadenaser.com\/tag\/club_futbol_benidorm\/a\/\" target=\"_blank\" rel=\"noopener\">C.F. Benidorm<\/a> y que se ha sustanciado con el <a href=\"https:\/\/cadenaser.com\/comunitat-valenciana\/2024\/04\/28\/campeones-radio-benidorm\/\" target=\"_blank\" rel=\"noopener\">ascenso matem\u00e1tico a la Tercera Federaci\u00f3n<\/a> semanas antes del final de la competici\u00f3n ha vuelto a poner de moda el f\u00fatbol en la ciudad. Todav\u00eda queda mucho camino que recorrer antes de poder so\u00f1ar con ver las gradas del Guillermo Amor llenas hasta la bandera cada domingo, pero lo cierto es que el proyecto comandado desde el banquillo por Miguel \u00c1ngel Mart\u00ednez ha conseguido en 2024 (de septiembre a enero se tuvo que jugar siempre en el Nou Pla de La Vila) sumar m\u00e1s adeptos cada jornada.<\/p>   <p>Lo que no es ninguna quimera es que el \u00faltimo partido que disputar\u00e1 el <a href=\"https:\/\/cadenaser.com\/tag\/club_futbol_benidorm\/a\/\" target=\"_blank\" rel=\"noopener\">C.F. Benidorm<\/a> antes de las vacaciones de verano s\u00ed consiga colgar el cartel de \u2018no hay billetes\u2019 en el Guillermo Amor ya que el rival que visitar\u00e1 el estadio de Foietes el pr\u00f3ximo d\u00eda 28 de mayo ser\u00e1, nada m\u00e1s y nada menos, que el Valencia C.F. de Primera Divisi\u00f3n.<\/p>  <p><p>M\u00e1s informaci\u00f3n<\/p><figure><img loading=\"lazy\" decoding=\"async\" src=\"https:\/\/cadenaser.com\/resizer\/v2\/RI6SVCPMLZD4PCO662ENW772EQ.jpg?auth=b2c6f9b078a27bbd7039a012ee6ae433fd26ad5ffc1f6e12ad52ff6a999c9ec8&amp;quality=70&amp;width=360&amp;height=202&amp;smart=true\" width=\"820\" height=\"621\" \/><\/figure><ul><li><a href=\"https:\/\/cadenaser.com\/comunitat-valenciana\/2024\/05\/14\/el-cf-benidorm-recibira-este-domingo-el-trofeo-de-campeon-de-la-lliga-comunitat-radio-benidorm\/\"><span>El C.F. Benidorm recibir\u00e1 este domingo el trofeo de campe\u00f3n de la Lliga Comunitat<\/span><\/a><\/li><\/ul><\/p>   <p>Este choque servir\u00e1 para que el conjunto valenciano, que ocupa actualmente la octava posici\u00f3n de La Liga, alargue un poco m\u00e1s su temporada una vez finalizada la competici\u00f3n el d\u00eda 25 de mayo toda vez que su t\u00e9cnico, Rub\u00e9n Baraja, ha previsto arrancar la pretemporada algo m\u00e1s tarde de lo habitual, mediado el mes de julio.<\/p>   <p>Adem\u00e1s, este choque ante un \u2018Primera\u2019 ser\u00e1 una suerte de homenaje a un equipo y una plantilla que no s\u00f3lo ha conseguido terminar la temporada alzando el trofeo de campe\u00f3n en la Lliga Comunitat (<a href=\"https:\/\/cadenaser.com\/comunitat-valenciana\/2024\/05\/14\/el-cf-benidorm-recibira-este-domingo-el-trofeo-de-campeon-de-la-lliga-comunitat-radio-benidorm\/\" target=\"_blank\" rel=\"noopener\">lo har\u00e1 el pr\u00f3ximo domingo<\/a>), sino recuperar la ilusi\u00f3n de toda la ciudad por el f\u00fatbol.<\/p>   <p>Aunque el horario del choque, que se disputar\u00e1 el d\u00eda 28 de mayo, no est\u00e1 todav\u00eda cerrado, desde el club se trabaja en la posibilidad de que el bal\u00f3n eche a rodar a las 19:00 horas.<\/p>   <p><p><strong>Sigue el canal de la SER en WhatsApp<\/strong><br \/>Encontrar\u00e1s toda la informaci\u00f3n, el deporte y el entretenimiento: la actualidad del d\u00eda y las noticias de \u00faltima hora, los mejores v\u00eddeos y momentos de la radio, entrevistas, reportajes y mucho m\u00e1s.<\/p><a href=\"https:\/\/www.whatsapp.com\/channel\/0029Va633PF9WtC4l7XUzh1e\" title=\"Suscr\u00edbete\">Suscr\u00edbete ahora<\/a><\/p> ","protected":false},"excerpt":{"rendered":"<p>El equipo de Rub\u00e9n Baraja visitar\u00e1 el estadio de la capital tur\u00edstica el d\u00eda 28 de mayo<\/p>\n","protected":false},"author":0,"featured_media":5063,"comment_status":"open","ping_status":"open","sticky":false,"template":"","format":"standard","meta":{"_acf_changed":false,"footnotes":""},"categories":[1],"tags":[],"class_list":["post-5062","post","type-post","status-publish","format-standard","has-post-thumbnail","hentry","category-sin-categoria"],"acf":{"ser_id":"PCXI2KZGPZEFTJM7DFPNGOXDFY","ser_url":"https:\/\/cadenaser.com\/comunitat-valenciana\/2024\/05\/14\/partido-de-primera-en-el-guillermo-amor-el-benidorm-se-medira-al-valencia-en-un-amistoso-radio-benidorm\/"},"_links":{"self":[{"href":"https:\/\/serbenidorm.daliisolutions.com\/index.php\/wp-json\/wp\/v2\/posts\/5062","targetHints":{"allow":["GET"]}}],"collection":[{"href":"https:\/\/serbenidorm.daliisolutions.com\/index.php\/wp-json\/wp\/v2\/posts"}],"about":[{"href":"https:\/\/serbenidorm.daliisolutions.com\/index.php\/wp-json\/wp\/v2\/types\/post"}],"replies":[{"embeddable":true,"href":"https:\/\/serbenidorm.daliisolutions.com\/index.php\/wp-json\/wp\/v2\/comments?post=5062"}],"version-history":[{"count":0,"href":"https:\/\/serbenidorm.daliisolutions.com\/index.php\/wp-json\/wp\/v2\/posts\/5062\/revisions"}],"wp:featuredmedia":[{"embeddable":true,"href":"https:\/\/serbenidorm.daliisolutions.com\/index.php\/wp-json\/wp\/v2\/media\/5063"}],"wp:attachment":[{"href":"https:\/\/serbenidorm.daliisolutions.com\/index.php\/wp-json\/wp\/v2\/media?parent=5062"}],"wp:term":[{"taxonomy":"category","embeddable":true,"href":"https:\/\/serbenidorm.daliisolutions.com\/index.php\/wp-json\/wp\/v2\/categories?post=5062"},{"taxonomy":"post_tag","embeddable":true,"href":"https:\/\/serbenidorm.daliisolutions.com\/index.php\/wp-json\/wp\/v2\/tags?post=5062"}],"curies":[{"name":"wp","href":"https:\/\/api.w.org\/{rel}","templated":true}]}}