{"id":5064,"date":"2024-05-14T17:00:21","date_gmt":"2024-05-14T15:00:21","guid":{"rendered":"https:\/\/serbenidorm.daliisolutions.com\/index.php\/2024\/05\/14\/detenido-en-la-estacion-de-benidorm-un-viajero-de-19-anos-con-casi-40-kilos-de-hachis-en-la-maleta\/"},"modified":"2024-05-14T17:00:21","modified_gmt":"2024-05-14T15:00:21","slug":"detenido-en-la-estacion-de-benidorm-un-viajero-de-19-anos-con-casi-40-kilos-de-hachis-en-la-maleta","status":"publish","type":"post","link":"https:\/\/serbenidorm.daliisolutions.com\/index.php\/2024\/05\/14\/detenido-en-la-estacion-de-benidorm-un-viajero-de-19-anos-con-casi-40-kilos-de-hachis-en-la-maleta\/","title":{"rendered":"Detenido en la estaci\u00f3n de Benidorm un viajero de 19 a\u00f1os con casi 40 kilos de hach\u00eds en la maleta"},"content":{"rendered":"  <p>Un joven de 19 a\u00f1os, de nacionalidad francesa, ha sido detenido en la estaci\u00f3n de autobuses de Benidorm por portar en su maleta, presuntamente, un total de 37,5 kilogramos de hach\u00eds.<br \/> <br \/> Seg\u00fan la Polic\u00eda Local de Alicante, la actuaci\u00f3n se realiz\u00f3 en un control rutinario a un autob\u00fas de la l\u00ednea Algeciras-Barcelona, donde un perro adiestrado marc\u00f3 una maleta donde se hall\u00f3 la droga, repartida en 354 tabletas.<\/p>   <p>El seguimiento de la Polic\u00eda hasta Benidorm<\/p>   <p>Los agentes preguntaron a los viajeros sobre la propiedad del enser pero nadie respondi\u00f3 por lo que, una vez identificados todos los pasajeros, se autoriz\u00f3 a que el autob\u00fas continuara la marcha para evitar perjudicar al resto de ocupantes y a la empresa de transporte.<br \/> <br \/> Paralelamente, la polic\u00eda contact\u00f3 con la Comisar\u00eda de la Polic\u00eda Nacional de M\u00e1laga para tratar de recuperar las im\u00e1genes de las c\u00e1maras de seguridad y <a href=\"https:\/\/cadenaser.com\/tag\/benidorm\/a\/\" target=\"_blank\" rel=\"noopener\">se comprob\u00f3 la identidad de la persona que embarc\u00f3 la maleta, que result\u00f3 el joven de 19 a\u00f1os, quien fue arrestado a la siguiente parada, Benidorm<\/a>.<br \/> <br \/> No fue el \u00fanico arresto del autob\u00fas ya que otro individuo, marroqu\u00ed de 47 a\u00f1os, tambi\u00e9n fue sorprendido y detenido en la estaci\u00f3n alicantina con 500 gramos de hach\u00eds ocultos en varias c\u00e1psulas dentro de su vestimenta.<\/p> ","protected":false},"excerpt":{"rendered":"<p>Tras un control rutinario en la l\u00ednea Algeciras-Barcelona<\/p>\n","protected":false},"author":0,"featured_media":5065,"comment_status":"open","ping_status":"open","sticky":false,"template":"","format":"standard","meta":{"_acf_changed":false,"footnotes":""},"categories":[1],"tags":[],"class_list":["post-5064","post","type-post","status-publish","format-standard","has-post-thumbnail","hentry","category-sin-categoria"],"acf":{"ser_id":"GLCELINQI5FI5LJTIAXTYXSKAQ","ser_url":"https:\/\/cadenaser.com\/comunitat-valenciana\/2024\/05\/14\/detenido-en-la-estacion-de-benidorm-un-viajero-de-19-anos-con-casi-40-kilos-de-hachis-en-la-maleta-radio-benidorm\/"},"_links":{"self":[{"href":"https:\/\/serbenidorm.daliisolutions.com\/index.php\/wp-json\/wp\/v2\/posts\/5064","targetHints":{"allow":["GET"]}}],"collection":[{"href":"https:\/\/serbenidorm.daliisolutions.com\/index.php\/wp-json\/wp\/v2\/posts"}],"about":[{"href":"https:\/\/serbenidorm.daliisolutions.com\/index.php\/wp-json\/wp\/v2\/types\/post"}],"replies":[{"embeddable":true,"href":"https:\/\/serbenidorm.daliisolutions.com\/index.php\/wp-json\/wp\/v2\/comments?post=5064"}],"version-history":[{"count":0,"href":"https:\/\/serbenidorm.daliisolutions.com\/index.php\/wp-json\/wp\/v2\/posts\/5064\/revisions"}],"wp:featuredmedia":[{"embeddable":true,"href":"https:\/\/serbenidorm.daliisolutions.com\/index.php\/wp-json\/wp\/v2\/media\/5065"}],"wp:attachment":[{"href":"https:\/\/serbenidorm.daliisolutions.com\/index.php\/wp-json\/wp\/v2\/media?parent=5064"}],"wp:term":[{"taxonomy":"category","embeddable":true,"href":"https:\/\/serbenidorm.daliisolutions.com\/index.php\/wp-json\/wp\/v2\/categories?post=5064"},{"taxonomy":"post_tag","embeddable":true,"href":"https:\/\/serbenidorm.daliisolutions.com\/index.php\/wp-json\/wp\/v2\/tags?post=5064"}],"curies":[{"name":"wp","href":"https:\/\/api.w.org\/{rel}","templated":true}]}}