{"id":5066,"date":"2024-05-14T17:00:21","date_gmt":"2024-05-14T15:00:21","guid":{"rendered":"https:\/\/serbenidorm.daliisolutions.com\/index.php\/2024\/05\/14\/jacobo-balongo-a-la-temporada-del-tm-benidorm-le-pongo-un-65\/"},"modified":"2024-05-14T17:00:21","modified_gmt":"2024-05-14T15:00:21","slug":"jacobo-balongo-a-la-temporada-del-tm-benidorm-le-pongo-un-65","status":"publish","type":"post","link":"https:\/\/serbenidorm.daliisolutions.com\/index.php\/2024\/05\/14\/jacobo-balongo-a-la-temporada-del-tm-benidorm-le-pongo-un-65\/","title":{"rendered":"Jacobo Balongo: \u201cA la temporada del TM Benidorm le pongo un 6,5\u201d"},"content":{"rendered":"  <p>Con dos jornadas todav\u00eda por disputarse en la <a href=\"https:\/\/cadenaser.com\/tag\/liga_asobal\/a\/\" target=\"_blank\" rel=\"noopener\">Liga Asobal<\/a> y tras consumarse el descenso de categor\u00eda de los equipos de Primera Nacional Masculina y Divisi\u00f3n de Honor Plata femenina, el presidente del <a href=\"https:\/\/cadenaser.com\/tag\/club_balonmano_benidorm\/a\/\" target=\"_blank\" rel=\"noopener\">Club Balonmano Benidorm<\/a>, Jacobo Balongo, ha elegido los micr\u00f3fonos de Radio Benidorm-SER para hacer balance de la que, adem\u00e1s, ha sido su primera campa\u00f1a completa al frente de la entidad m\u00e1s importante del deporte local.<\/p>   <p>Balongo, que ha estado acompa\u00f1ado en esta edici\u00f3n especial de \u2018La barra libre\u2019 de <a href=\"https:\/\/cadenaser.com\/radio-benidorm\/ser-deportivos-benidorm\/\" target=\"_blank\" rel=\"noopener\">SER Deportivos Marina Baixa<\/a> por el vicepresidente Jos\u00e9 Antonio Villalgordo, se ha mostrado convencido de que el <a href=\"https:\/\/cadenaser.com\/tag\/club_balonmano_benidorm\/a\/\" target=\"_blank\" rel=\"noopener\">TM Benidorm<\/a> todav\u00eda tiene serias posibilidades de atacar el objetivo de finalizar la Liga Asobal entre los ocho primeros clasificados.<\/p>  <p><p>M\u00e1s informaci\u00f3n<\/p><figure><img loading=\"lazy\" decoding=\"async\" src=\"https:\/\/cadenaser.com\/resizer\/v2\/MPMJOP4XTRBMFKJYAR4KCYRZZQ.JPG?auth=67ef6072ffbdd204e0f298f390c6be87837f5716e0ef4d479b222082319579a7&amp;quality=70&amp;width=360&amp;height=202&amp;smart=true\" width=\"820\" height=\"621\" \/><\/figure><ul><li><a href=\"https:\/\/cadenaser.com\/comunitat-valenciana\/2024\/05\/14\/nacho-valles-y-ramiro-martinez-nominados-al-7-ideal-de-la-liga-asobal-radio-benidorm\/\"><span>Nacho Valles y Ramiro Mart\u00ednez, nominados al 7 ideal de la Liga Asobal<\/span><\/a><\/li><\/ul><\/p>   <p>Adem\u00e1s, tanto Balongo como Villalgordo han repasado la situaci\u00f3n econ\u00f3mica del club que sigue, ha reconocido, \u201cestable dentro de la gravedad\u201d. Y es precisamente esa realidad de las cuentas la que, unida al descenso de categor\u00eda, ha llevado a la directiva a decidir que no tratar\u00e1 de conseguir que el filial masculino ocupe una posible vacante en categor\u00eda nacional.<\/p>   <p>Donde s\u00ed se va a hacer un importante esfuerzo es en la secci\u00f3n femenina, donde los dos dirigentes han reconocido que falta trabajo por hacer para conseguir una visi\u00f3n \u201cm\u00e1s transversal\u201d que integre todav\u00eda m\u00e1s a los equipos femeninos dentro de la propia estructura de la entidad.<\/p>   <p><p><strong>Sigue el canal de la SER en WhatsApp<\/strong><br \/>Encontrar\u00e1s toda la informaci\u00f3n, el deporte y el entretenimiento: la actualidad del d\u00eda y las noticias de \u00faltima hora, los mejores v\u00eddeos y momentos de la radio, entrevistas, reportajes y mucho m\u00e1s.<\/p><a href=\"https:\/\/www.whatsapp.com\/channel\/0029Va633PF9WtC4l7XUzh1e\" title=\"Suscr\u00edbete\">Suscr\u00edbete ahora<\/a><\/p> ","protected":false},"excerpt":{"rendered":"<p>El presidente del Club Balonmano Benidorm analiza su primera campa\u00f1a completa al frente de la entidad<\/p>\n","protected":false},"author":0,"featured_media":5067,"comment_status":"open","ping_status":"open","sticky":false,"template":"","format":"standard","meta":{"_acf_changed":false,"footnotes":""},"categories":[16],"tags":[],"class_list":["post-5066","post","type-post","status-publish","format-standard","has-post-thumbnail","hentry","category-deportes"],"acf":{"ser_id":"DWADT5IH5NCC5A43EJ2XFYEHCA","ser_url":"https:\/\/cadenaser.com\/comunitat-valenciana\/2024\/05\/14\/jacobo-balongo-a-la-temporada-del-tm-benidorm-le-pongo-un-65-radio-benidorm\/"},"_links":{"self":[{"href":"https:\/\/serbenidorm.daliisolutions.com\/index.php\/wp-json\/wp\/v2\/posts\/5066","targetHints":{"allow":["GET"]}}],"collection":[{"href":"https:\/\/serbenidorm.daliisolutions.com\/index.php\/wp-json\/wp\/v2\/posts"}],"about":[{"href":"https:\/\/serbenidorm.daliisolutions.com\/index.php\/wp-json\/wp\/v2\/types\/post"}],"replies":[{"embeddable":true,"href":"https:\/\/serbenidorm.daliisolutions.com\/index.php\/wp-json\/wp\/v2\/comments?post=5066"}],"version-history":[{"count":0,"href":"https:\/\/serbenidorm.daliisolutions.com\/index.php\/wp-json\/wp\/v2\/posts\/5066\/revisions"}],"wp:featuredmedia":[{"embeddable":true,"href":"https:\/\/serbenidorm.daliisolutions.com\/index.php\/wp-json\/wp\/v2\/media\/5067"}],"wp:attachment":[{"href":"https:\/\/serbenidorm.daliisolutions.com\/index.php\/wp-json\/wp\/v2\/media?parent=5066"}],"wp:term":[{"taxonomy":"category","embeddable":true,"href":"https:\/\/serbenidorm.daliisolutions.com\/index.php\/wp-json\/wp\/v2\/categories?post=5066"},{"taxonomy":"post_tag","embeddable":true,"href":"https:\/\/serbenidorm.daliisolutions.com\/index.php\/wp-json\/wp\/v2\/tags?post=5066"}],"curies":[{"name":"wp","href":"https:\/\/api.w.org\/{rel}","templated":true}]}}