{"id":5093,"date":"2024-05-15T12:21:36","date_gmt":"2024-05-15T10:21:36","guid":{"rendered":"https:\/\/serbenidorm.daliisolutions.com\/index.php\/2024\/05\/15\/la-policia-local-de-benidorm-encuentra-una-mochila-con-veinte-kilos-de-cocaina-flotando-en-la-playa-de-poniente\/"},"modified":"2024-05-15T12:21:36","modified_gmt":"2024-05-15T10:21:36","slug":"la-policia-local-de-benidorm-encuentra-una-mochila-con-veinte-kilos-de-cocaina-flotando-en-la-playa-de-poniente","status":"publish","type":"post","link":"https:\/\/serbenidorm.daliisolutions.com\/index.php\/2024\/05\/15\/la-policia-local-de-benidorm-encuentra-una-mochila-con-veinte-kilos-de-cocaina-flotando-en-la-playa-de-poniente\/","title":{"rendered":"La Polic\u00eda Local de Benidorm encuentra una mochila con veinte kilos de coca\u00edna flotando en la playa de Poniente"},"content":{"rendered":"  <p>La Unidad Mar\u00edtima de la Polic\u00eda Local de Benidorm ha localizado este mi\u00e9rcoles por la ma\u00f1ana <a href=\"https:\/\/cadenaser.com\/tag\/benidorm\/a\/\" target=\"_blank\" rel=\"noopener\">en la bah\u00eda de la playa de Poniente<\/a> una mochila de submarinismo que conten\u00eda en su interior 20 kilos de polvo blanco prensado, presumiblemente coca\u00edna, distribuido en paquetes. <\/p>   <p>El hallazgo se ha producido en torno a las 10.15 horas, cuando los efectivos policiales han divisado la mochila flotando en el mar. Tras extraerla del agua, los agentes han comprobado que en su interior albergaba 20 paquetes revestidos con el logo de una marca deportiva. Cada paquete conten\u00eda alrededor de un kilo de sustancia blanca prensada.<\/p>  <p><figure><img loading=\"lazy\" decoding=\"async\" src=\"https:\/\/cadenaser.com\/resizer\/v2\/EJCQHHILNVGXDI3YBFEB56X4FM.jpg?auth=c7a3aa037713ac9ed673e79dd54406849db0f5a50ade0ef98289972d5b89d08a&amp;quality=70&amp;width=360&amp;height=202&amp;smart=true\" alt=\"Detenido en la estaci\u00f3n de Benidorm un viajero de 19 a\u00f1os con casi 40 kilos de hach\u00eds en la maleta\" width=\"240\" height=\"135\" \/><\/figure><div><a href=\"https:\/\/cadenaser.com\/comunitat-valenciana\/2024\/05\/14\/detenido-en-la-estacion-de-benidorm-un-viajero-de-19-anos-con-casi-40-kilos-de-hachis-en-la-maleta-radio-benidorm\/\">Detenido en la estaci\u00f3n de Benidorm un viajero de 19 a\u00f1os con casi 40 kilos de hach\u00eds en la maleta<\/a><p><\/p><\/div><\/p>   <p>La mercanc\u00eda intervenida ser\u00e1 entregada a la Patrulla de Fiscal y Fronteras de la Guardia Civil de Calpe para su an\u00e1lisis y posterior instrucci\u00f3n de las diligencias correspondientes.<\/p> ","protected":false},"excerpt":{"rendered":"<p>El material ser\u00e1 entregado a la Guardia Civil<\/p>\n","protected":false},"author":0,"featured_media":5094,"comment_status":"open","ping_status":"open","sticky":false,"template":"","format":"standard","meta":{"_acf_changed":false,"footnotes":""},"categories":[1],"tags":[],"class_list":["post-5093","post","type-post","status-publish","format-standard","has-post-thumbnail","hentry","category-sin-categoria"],"acf":{"ser_id":"BNMSJX3CZVFWVOUGLOHWTICMAM","ser_url":"https:\/\/cadenaser.com\/comunitat-valenciana\/2024\/05\/15\/la-policia-local-de-benidorm-encuentra-una-mochila-con-veinte-kilos-de-cocaina-flotando-en-la-playa-de-poniente-radio-benidorm\/"},"_links":{"self":[{"href":"https:\/\/serbenidorm.daliisolutions.com\/index.php\/wp-json\/wp\/v2\/posts\/5093","targetHints":{"allow":["GET"]}}],"collection":[{"href":"https:\/\/serbenidorm.daliisolutions.com\/index.php\/wp-json\/wp\/v2\/posts"}],"about":[{"href":"https:\/\/serbenidorm.daliisolutions.com\/index.php\/wp-json\/wp\/v2\/types\/post"}],"replies":[{"embeddable":true,"href":"https:\/\/serbenidorm.daliisolutions.com\/index.php\/wp-json\/wp\/v2\/comments?post=5093"}],"version-history":[{"count":0,"href":"https:\/\/serbenidorm.daliisolutions.com\/index.php\/wp-json\/wp\/v2\/posts\/5093\/revisions"}],"wp:featuredmedia":[{"embeddable":true,"href":"https:\/\/serbenidorm.daliisolutions.com\/index.php\/wp-json\/wp\/v2\/media\/5094"}],"wp:attachment":[{"href":"https:\/\/serbenidorm.daliisolutions.com\/index.php\/wp-json\/wp\/v2\/media?parent=5093"}],"wp:term":[{"taxonomy":"category","embeddable":true,"href":"https:\/\/serbenidorm.daliisolutions.com\/index.php\/wp-json\/wp\/v2\/categories?post=5093"},{"taxonomy":"post_tag","embeddable":true,"href":"https:\/\/serbenidorm.daliisolutions.com\/index.php\/wp-json\/wp\/v2\/tags?post=5093"}],"curies":[{"name":"wp","href":"https:\/\/api.w.org\/{rel}","templated":true}]}}