{"id":5100,"date":"2024-05-15T13:57:12","date_gmt":"2024-05-15T11:57:12","guid":{"rendered":"https:\/\/serbenidorm.daliisolutions.com\/index.php\/2024\/05\/15\/aparcar-en-medio-de-la-playa-de-benidorm-cuesta-mil-euros\/"},"modified":"2024-05-15T13:57:12","modified_gmt":"2024-05-15T11:57:12","slug":"aparcar-en-medio-de-la-playa-de-benidorm-cuesta-mil-euros","status":"publish","type":"post","link":"https:\/\/serbenidorm.daliisolutions.com\/index.php\/2024\/05\/15\/aparcar-en-medio-de-la-playa-de-benidorm-cuesta-mil-euros\/","title":{"rendered":"Aparcar en medio de la playa de Benidorm cuesta mil euros"},"content":{"rendered":"  <p>Una multa de casi mil euros impondr\u00e1 el ayuntamiento de Benidorm a un conductor de nacionalidad francesa que acab\u00f3 con un coche de alta gama en la arena de una de las playas m\u00e1s frecuentadas de la capital tur\u00edstica.<\/p>   <p>Seg\u00fan el portavoz de la Polic\u00eda Local, Quique Tortosa, el veh\u00edculo fue localizado a las 7 de la ma\u00f1ana del pasado domingo en la playa de Poniente, donde qued\u00f3 atrapado tras transitar por un paseo peatonal prohibido para coches.<\/p>   <p>Cuatro sanciones en total<\/p>   <p>Una gr\u00faa ha sido precisa para la retirada del coche, de color negro, marca Mercedes y propiedad de un s\u00fabdito franc\u00e9s de origen argelino, a quien se impondr\u00e1 <a href=\"https:\/\/cadenaser.com\/tag\/benidorm\/a\/\" target=\"_blank\" rel=\"noopener\">una sanci\u00f3n de 200 euros por conducci\u00f3n negligente, otra de 150 por entrada prohibida y m\u00e1s de 500 por las irregularidades de la documentaci\u00f3n necesaria para circular en Espa\u00f1a, as\u00ed como 60 m\u00e1s por el servicio de la referida gr\u00faa<\/a>.<\/p>  <p><p>M\u00e1s informaci\u00f3n<\/p><figure><img loading=\"lazy\" decoding=\"async\" src=\"https:\/\/cadenaser.com\/resizer\/v2\/727N2BJZZZGXXFAFIFWVI5NSPY.jpeg?auth=7b41eec66b3b9f3a0a54f3133cd80cd71b0d3c22f9a455f086f5c8bc129e9f18&amp;quality=70&amp;width=360&amp;height=202&amp;smart=true\" width=\"820\" height=\"621\" \/><\/figure><ul><li><a href=\"https:\/\/cadenaser.com\/comunitat-valenciana\/2024\/05\/15\/la-policia-local-de-benidorm-encuentra-una-mochila-con-veinte-kilos-de-cocaina-flotando-en-la-playa-de-poniente-radio-benidorm\/\"><span>La Polic\u00eda Local de Benidorm encuentra una mochila con veinte kilos de coca\u00edna flotando en la playa de Poniente<\/span><\/a><\/li><\/ul><\/p>   <p>La polic\u00eda local se ha tomado con humor esta actuaci\u00f3n y en su p\u00e1gina en la red social Facebook ha colgado una fotograf\u00eda del coche con un agente al lado donde se\u00f1ala, junto a dos emoticonos de risas, que sus agentes \u00abintervienen donde haga falta\u00bb.<\/p>   <p><a href=\"https:\/\/cadenaser.com\/tag\/comarca_la_marina_baixa\/a\/\" target=\"_blank\" rel=\"noopener\">\u00abNuestras playas son tentadoras pero para &#8216;aparcar&#8217;, la toalla\u00bb<\/a>, a\u00f1ade este mensaje en el que recuerda al conductor infractor que existen \u00ab3.338 plazas de aparcamiento gratuito en la zona de Poniente\u00bb. <\/p> ","protected":false},"excerpt":{"rendered":"<p>Ese ser\u00e1 el importe total de las multas al conductor que dej\u00f3 la imagen m\u00e1s viral el pasado fin de semana en la ciudad: \u00abNuestras playas son tentadoras pero para &#8216;aparcar&#8217;, la toalla\u00bb, ha se\u00f1alado con humor la Polic\u00eda Local<\/p>\n","protected":false},"author":0,"featured_media":5101,"comment_status":"open","ping_status":"open","sticky":false,"template":"","format":"standard","meta":{"_acf_changed":false,"footnotes":""},"categories":[1],"tags":[],"class_list":["post-5100","post","type-post","status-publish","format-standard","has-post-thumbnail","hentry","category-sin-categoria"],"acf":{"ser_id":"RYFWI4LMUVCWNOJMAGDODWB6OQ","ser_url":"https:\/\/cadenaser.com\/comunitat-valenciana\/2024\/05\/15\/aparcar-en-medio-de-la-playa-de-benidorm-cuesta-mil-euros-radio-benidorm\/"},"_links":{"self":[{"href":"https:\/\/serbenidorm.daliisolutions.com\/index.php\/wp-json\/wp\/v2\/posts\/5100","targetHints":{"allow":["GET"]}}],"collection":[{"href":"https:\/\/serbenidorm.daliisolutions.com\/index.php\/wp-json\/wp\/v2\/posts"}],"about":[{"href":"https:\/\/serbenidorm.daliisolutions.com\/index.php\/wp-json\/wp\/v2\/types\/post"}],"replies":[{"embeddable":true,"href":"https:\/\/serbenidorm.daliisolutions.com\/index.php\/wp-json\/wp\/v2\/comments?post=5100"}],"version-history":[{"count":0,"href":"https:\/\/serbenidorm.daliisolutions.com\/index.php\/wp-json\/wp\/v2\/posts\/5100\/revisions"}],"wp:featuredmedia":[{"embeddable":true,"href":"https:\/\/serbenidorm.daliisolutions.com\/index.php\/wp-json\/wp\/v2\/media\/5101"}],"wp:attachment":[{"href":"https:\/\/serbenidorm.daliisolutions.com\/index.php\/wp-json\/wp\/v2\/media?parent=5100"}],"wp:term":[{"taxonomy":"category","embeddable":true,"href":"https:\/\/serbenidorm.daliisolutions.com\/index.php\/wp-json\/wp\/v2\/categories?post=5100"},{"taxonomy":"post_tag","embeddable":true,"href":"https:\/\/serbenidorm.daliisolutions.com\/index.php\/wp-json\/wp\/v2\/tags?post=5100"}],"curies":[{"name":"wp","href":"https:\/\/api.w.org\/{rel}","templated":true}]}}