{"id":5109,"date":"2024-05-15T14:51:33","date_gmt":"2024-05-15T12:51:33","guid":{"rendered":"https:\/\/serbenidorm.daliisolutions.com\/index.php\/2024\/05\/15\/asi-se-podra-aparcar-gratis-en-tres-parkings-de-benidorm-del-7-de-junio-al-12-de-julio\/"},"modified":"2024-05-15T14:51:33","modified_gmt":"2024-05-15T12:51:33","slug":"asi-se-podra-aparcar-gratis-en-tres-parkings-de-benidorm-del-7-de-junio-al-12-de-julio","status":"publish","type":"post","link":"https:\/\/serbenidorm.daliisolutions.com\/index.php\/2024\/05\/15\/asi-se-podra-aparcar-gratis-en-tres-parkings-de-benidorm-del-7-de-junio-al-12-de-julio\/","title":{"rendered":"As\u00ed se podr\u00e1 aparcar gratis en tres parkings de Benidorm del 7 de junio al 12 de julio"},"content":{"rendered":"  <p>El Ayuntamiento de Benidorm y la empresa Telpark, concesionaria de la gesti\u00f3n de tres aparcamientos p\u00fablicos, van a desarrollar una campa\u00f1a para fomentar el uso de estos estacionamientos entre los usuarios de comercios y hosteler\u00eda de la ciudad y, a su vez, para fomentar las compras en el tejido local. <\/p>   <p>Los concejales de Movilidad y Comercio, Francis Mu\u00f1oz y Javier Jord\u00e1, han presentado hoy esta campa\u00f1a junto al delegado de Telpark en la zona de Levante, Cristian Mu\u00f1oz.<\/p>   <p>La iniciativa se desarrollar\u00e1 entre el 7 de junio y el 12 de julio y consistir\u00e1 en el reparto de 6.000 tiques de descuento entre los ciudadanos que consuman en bares, restaurantes, cafeter\u00edas y tiendas de las zonas aleda\u00f1as a estos aparcamientos. En concreto, los del <a href=\"https:\/\/cadenaser.com\/tag\/benidorm\/a\/\" target=\"_blank\" rel=\"noopener\">Mercat Municipal, Tom\u00e1s Ortu\u00f1o y Ametlla del Mar<\/a>. Con ellos, los usuarios obtendr\u00e1n media hora de estacionamiento gratuito, tal y como han explicado durante la presentaci\u00f3n.<\/p>  <p><figure><img loading=\"lazy\" decoding=\"async\" src=\"https:\/\/cadenaser.com\/resizer\/v2\/7HJ4A4YMKRAGXB7VJEUVGHAAZY.jpeg?auth=fb020667de87fa9bf8d21c4f59fa82575945587def211b328d8ac6a776f60bd5&amp;quality=70&amp;width=360&amp;height=202&amp;smart=true\" alt=\"Aparcar en medio de la playa de Benidorm cuesta mil euros\" width=\"240\" height=\"135\" \/><\/figure><div><a href=\"https:\/\/cadenaser.com\/comunitat-valenciana\/2024\/05\/15\/aparcar-en-medio-de-la-playa-de-benidorm-cuesta-mil-euros-radio-benidorm\/\">Aparcar en medio de la playa de Benidorm cuesta mil euros<\/a><p><\/p><\/div><\/p>   <p>Francis Mu\u00f1oz ha indicado que el objetivo de esta campa\u00f1a es \u201ccomplementar los descuentos que ya ofrece el parking municipal de l\u2019Aig\u00fcera, con una hora de aparcamiento gratis por cada compra de veinte euros\u201d y ha destacado que, en este caso, los descuentos a repartir se dividir\u00e1n por zonas, con 2.000 tiques para el parking del Mercat, 2.000 para el de Tom\u00e1s Ortu\u00f1o y otros 2.000 para el de Ametlla del Mar.<\/p>   <p>El edil de Movilidad ha indicado que entre los tres aparcamientos suman alrededor de 650 plazas y que el objetivo de esta acci\u00f3n es \u201cpromover la rotaci\u00f3n de veh\u00edculos entre las personas que acuden a realizar sus compras o a consumir en la hosteler\u00eda, aumentar el consumo en nuestros establecimientos y tambi\u00e9n que la ciudad est\u00e9 m\u00e1s viva\u201d.<\/p>   <p>Por su parte, el delegado de Telpark, Cristian Mu\u00f1oz, ha se\u00f1alado que la concesionaria repartir\u00e1 en los pr\u00f3ximos d\u00edas estos tiques de descuento a Aico y a Abreca-Cobreca para que \u00e9stos, a su vez, los distribuyan entre los socios. El responsable de la empresa ha indicado que ser\u00e1n las propias asociaciones quienes establezcan los criterios para el reparto de dichos tiques, puesto que de partida no se ha estipulado una cuant\u00eda de consumo m\u00ednima.<\/p>   <p>Igualmente, Cristian Mu\u00f1oz ha destacado que, desde que esta empresa se hizo cargo de la gesti\u00f3n de los aparcamientos hace escasos meses, su objetivo fue \u201cabrir l\u00edneas de colaboraci\u00f3n e integraci\u00f3n\u201d con el tejido local, como va a ocurrir con esta campa\u00f1a. \u201cPor ahora comenzamos con esto, pero estoy seguro de que no va a ser la \u00fanica colaboraci\u00f3n que tengamos porque seguro que en el futuro surge algo m\u00e1s\u201d, ha a\u00f1adido Mu\u00f1oz.<\/p>   <p>Mejoras en las infraestructuras<\/p>   <p>El delegado de Telpark ha agradecido al Consistorio su colaboraci\u00f3n y ha indicado que, actualmente, la empresa est\u00e1 llevando a cabo distintas inversiones para actualizar y mejorar los aparcamientos del Mercat Municipal, Tom\u00e1s Ortu\u00f1o y Ametlla del Mar. <\/p>   <p>Entre estas actuaciones que Mu\u00f1oz ha citado se incluye la pintura de los aparcamientos, la renovaci\u00f3n de equipos, la digitalizaci\u00f3n de procesos y de productos, as\u00ed como la instalaci\u00f3n de puntos de recarga el\u00e9ctrica. En concreto, en Benidorm prev\u00e9n instalar entre diez y quince puntos para mejorar el servicio y promover el uso de veh\u00edculos menos contaminantes.<\/p> ","protected":false},"excerpt":{"rendered":"<p>Durante media hora<\/p>\n","protected":false},"author":0,"featured_media":5110,"comment_status":"open","ping_status":"open","sticky":false,"template":"","format":"standard","meta":{"_acf_changed":false,"footnotes":""},"categories":[1],"tags":[],"class_list":["post-5109","post","type-post","status-publish","format-standard","has-post-thumbnail","hentry","category-sin-categoria"],"acf":{"ser_id":"56ELTC4IMVGWVLDXIPFV6FXBI4","ser_url":"https:\/\/cadenaser.com\/comunitat-valenciana\/2024\/05\/15\/asi-se-podra-aparcar-gratis-en-tres-parkings-de-benidorm-del-7-de-junio-al-12-de-julio-radio-benidorm\/"},"_links":{"self":[{"href":"https:\/\/serbenidorm.daliisolutions.com\/index.php\/wp-json\/wp\/v2\/posts\/5109","targetHints":{"allow":["GET"]}}],"collection":[{"href":"https:\/\/serbenidorm.daliisolutions.com\/index.php\/wp-json\/wp\/v2\/posts"}],"about":[{"href":"https:\/\/serbenidorm.daliisolutions.com\/index.php\/wp-json\/wp\/v2\/types\/post"}],"replies":[{"embeddable":true,"href":"https:\/\/serbenidorm.daliisolutions.com\/index.php\/wp-json\/wp\/v2\/comments?post=5109"}],"version-history":[{"count":0,"href":"https:\/\/serbenidorm.daliisolutions.com\/index.php\/wp-json\/wp\/v2\/posts\/5109\/revisions"}],"wp:featuredmedia":[{"embeddable":true,"href":"https:\/\/serbenidorm.daliisolutions.com\/index.php\/wp-json\/wp\/v2\/media\/5110"}],"wp:attachment":[{"href":"https:\/\/serbenidorm.daliisolutions.com\/index.php\/wp-json\/wp\/v2\/media?parent=5109"}],"wp:term":[{"taxonomy":"category","embeddable":true,"href":"https:\/\/serbenidorm.daliisolutions.com\/index.php\/wp-json\/wp\/v2\/categories?post=5109"},{"taxonomy":"post_tag","embeddable":true,"href":"https:\/\/serbenidorm.daliisolutions.com\/index.php\/wp-json\/wp\/v2\/tags?post=5109"}],"curies":[{"name":"wp","href":"https:\/\/api.w.org\/{rel}","templated":true}]}}