{"id":5116,"date":"2024-05-15T19:19:24","date_gmt":"2024-05-15T17:19:24","guid":{"rendered":"https:\/\/serbenidorm.daliisolutions.com\/index.php\/2024\/05\/15\/muere-un-hombre-de-66-anos-en-un-accidente-en-orxeta\/"},"modified":"2024-05-15T19:19:24","modified_gmt":"2024-05-15T17:19:24","slug":"muere-un-hombre-de-66-anos-en-un-accidente-en-orxeta","status":"publish","type":"post","link":"https:\/\/serbenidorm.daliisolutions.com\/index.php\/2024\/05\/15\/muere-un-hombre-de-66-anos-en-un-accidente-en-orxeta\/","title":{"rendered":"Muere un hombre de 66 a\u00f1os en un accidente en Orxeta"},"content":{"rendered":"  <p>Un hombre de 66 a\u00f1os ha fallecido en la ma\u00f1ana de este mi\u00e9rcoles en un accidente de quad en la<a href=\"https:\/\/cadenaser.com\/tag\/comarca_la_marina_baixa\/a\/\" target=\"_blank\" rel=\"noopener\"> carretera CV-758<\/a>, en el t\u00e9rmino municipal de Orxeta, seg\u00fan ha informado el Centro de Informaci\u00f3n y Coordinaci\u00f3n de Urgencias (CICU).<\/p>   <p>Hasta el lugar se ha desplazado una unidad del SAMU, otra de Soporte Vital B\u00e1sico (SVB) y un helic\u00f3ptero medicalizado. Los servicios m\u00e9dicos han realizado la reanimaci\u00f3n cardiopulmonar avanzada y otras t\u00e9cnicas, pero no ha habido respuesta y han confirmado su fallecimiento.<\/p>   <p>Cerca de Orxeta, tambi\u00e9n en el interior de la Marina Baixa, ayer martes perd\u00eda la vida en un accidente de tractor otro hombre de 81 a\u00f1os. Por tanto se trata de la segunda v\u00edctima mortal que se cobran las carreteras de la comarca en lo que llevamos de semana.<\/p>  <p><figure><img loading=\"lazy\" decoding=\"async\" src=\"https:\/\/cadenaser.com\/resizer\/v2\/O2GPWQGMA5HNXOU3M2OKKVIZGU.jpg?auth=f4677adba614ceef5e862d511dd0d49b8f6226f084b06243e89fdbc703754711&amp;quality=70&amp;width=360&amp;height=202&amp;smart=true\" alt=\"Muere un hombre de 81 a\u00f1os en un accidente de tractor en Relleu\" width=\"240\" height=\"135\" \/><\/figure><div><a href=\"https:\/\/cadenaser.com\/comunitat-valenciana\/2024\/05\/14\/muere-un-hombre-de-81-anos-en-un-accidente-de-tractor-en-relleu-radio-benidorm\/\">Muere un hombre de 81 a\u00f1os en un accidente de tractor en Relleu<\/a><p><\/p><\/div><\/p> ","protected":false},"excerpt":{"rendered":"<p>Accidente de quad en la carretera CV-758<\/p>\n","protected":false},"author":0,"featured_media":5117,"comment_status":"open","ping_status":"open","sticky":false,"template":"","format":"standard","meta":{"_acf_changed":false,"footnotes":""},"categories":[1],"tags":[],"class_list":["post-5116","post","type-post","status-publish","format-standard","has-post-thumbnail","hentry","category-sin-categoria"],"acf":{"ser_id":"SOJ4H2JZGFBFDMJCN7Q3FQVGWY","ser_url":"https:\/\/cadenaser.com\/comunitat-valenciana\/2024\/05\/15\/muere-un-hombre-de-66-anos-en-un-accidente-en-orxeta-radio-benidorm\/"},"_links":{"self":[{"href":"https:\/\/serbenidorm.daliisolutions.com\/index.php\/wp-json\/wp\/v2\/posts\/5116","targetHints":{"allow":["GET"]}}],"collection":[{"href":"https:\/\/serbenidorm.daliisolutions.com\/index.php\/wp-json\/wp\/v2\/posts"}],"about":[{"href":"https:\/\/serbenidorm.daliisolutions.com\/index.php\/wp-json\/wp\/v2\/types\/post"}],"replies":[{"embeddable":true,"href":"https:\/\/serbenidorm.daliisolutions.com\/index.php\/wp-json\/wp\/v2\/comments?post=5116"}],"version-history":[{"count":0,"href":"https:\/\/serbenidorm.daliisolutions.com\/index.php\/wp-json\/wp\/v2\/posts\/5116\/revisions"}],"wp:featuredmedia":[{"embeddable":true,"href":"https:\/\/serbenidorm.daliisolutions.com\/index.php\/wp-json\/wp\/v2\/media\/5117"}],"wp:attachment":[{"href":"https:\/\/serbenidorm.daliisolutions.com\/index.php\/wp-json\/wp\/v2\/media?parent=5116"}],"wp:term":[{"taxonomy":"category","embeddable":true,"href":"https:\/\/serbenidorm.daliisolutions.com\/index.php\/wp-json\/wp\/v2\/categories?post=5116"},{"taxonomy":"post_tag","embeddable":true,"href":"https:\/\/serbenidorm.daliisolutions.com\/index.php\/wp-json\/wp\/v2\/tags?post=5116"}],"curies":[{"name":"wp","href":"https:\/\/api.w.org\/{rel}","templated":true}]}}