{"id":5133,"date":"2024-05-16T14:05:40","date_gmt":"2024-05-16T12:05:40","guid":{"rendered":"https:\/\/serbenidorm.daliisolutions.com\/index.php\/2024\/05\/16\/el-raco-de-lalbir-tendra-nueva-biblioplaya-y-puesto-de-socorrismo-en-dos-semanas\/"},"modified":"2024-05-16T14:05:40","modified_gmt":"2024-05-16T12:05:40","slug":"el-raco-de-lalbir-tendra-nueva-biblioplaya-y-puesto-de-socorrismo-en-dos-semanas","status":"publish","type":"post","link":"https:\/\/serbenidorm.daliisolutions.com\/index.php\/2024\/05\/16\/el-raco-de-lalbir-tendra-nueva-biblioplaya-y-puesto-de-socorrismo-en-dos-semanas\/","title":{"rendered":"El Rac\u00f3 de l\u2019Albir tendr\u00e1 nueva biblioplaya y puesto de socorrismo en dos semanas"},"content":{"rendered":"  <p>A pocas semanas de que se d\u00e9 inicio a la temporada alta tur\u00edstica, el ayuntamiento de l\u2019Alf\u00e0s del Pi ha puesto en marcha las obras de la renovaci\u00f3n integral de la biblioplaya de l\u2019Albir, una actuaci\u00f3n presupuestada en 48.381,72 euros a cargo de las arcas municipales, y un plazo de ejecuci\u00f3n m\u00e1ximo de dos semanas, tal y como ha informado el concejal de Urbanismo, Toni Such, que ha insistido en que \u201cvamos a agilizar al m\u00e1ximo los trabajos para tener la biblioplaya a punto a principios del mes de junio\u201d.<\/p>   <p>Such ha explicado que las de la biblioplaya de l\u2019Albir son \u201cunas instalaciones que ten\u00edan cerca de dos d\u00e9cadas, y si bien es cierto que cada a\u00f1o se han realizado de manera constante tareas de mantenimiento, debido principalmente a las condiciones ambientales a las que est\u00e1n expuestas, dada su proximidad al mar y, por tanto, al ambiente salino y de humedad, requer\u00edan de una rehabilitaci\u00f3n profunda\u201d.<\/p>   <p>Seg\u00fan recogen los informes t\u00e9cnicos, la estructura dispuesta bajo el suelo \u201cse encontraba en muy mal estado, con el material afectado por la humedad y en peligro de acabar cediendo\u201d, como ya estaba ocurriendo parcialmente en la construcci\u00f3n destinada a biblioteca. \u201cCon estas obras renovamos no s\u00f3lo las instalaciones de la biblioplaya, sino tambi\u00e9n de los puestos destinados a socorrismo y el punto de atenci\u00f3n a personas con movilidad reducida, cambiando tanto el suelo como las p\u00e9rgolas y las casetas\u201d.<\/p>   <p>Otro dato determinante a tener en cuenta es \u201cla cantidad de personas que pasan por estas instalaciones durante el verano\u201d. La afluencia a la zona de l\u2019Albir se ha ido incrementando con el paso de los a\u00f1os, y por ende el n\u00famero de usuarios que hacen uso simult\u00e1neo de la caseta destinada a biblioteca, como lugar de descanso, y de las actividades de ocio programadas para el p\u00fablico infantil, por lo que se ha quedado peque\u00f1a y conviene ampliarla. \u201cCaso parecido ten\u00edamos en la zona destinada a atenci\u00f3n m\u00e9dica, sin la amplitud necesaria y las condiciones de trabajo adecuadas\u201d.<\/p>   <p>Such ha terminado recordando que la puesta a punto de la biblioplaya es la antesala de las obras de mejora y modernizaci\u00f3n del Paseo de las Estrellas de l\u2019Albir, una inversi\u00f3n presupuestada en 964.000 euros, subvencionada al 100 % con fondos europeos, en el marco de la estrategia de sostenibilidad tur\u00edstica en destinos, dentro del Plan de Recuperaci\u00f3n, Transformaci\u00f3n y Resiliencia financiado por la Uni\u00f3n Europea \u2013 NextgenerationEU.<\/p>   <p>La reconversi\u00f3n del Paseo de las Estrellas en una plataforma \u00fanica accesible, cuyos trabajos comenzar\u00e1n en pleno verano, no afectar\u00e1n a la zona de ba\u00f1o ni al paseo mar\u00edtimo hasta pasada la temporada alta, de manera que se actuar\u00e1 en las infraestructuras afectadas por la obra en segunda y tercera l\u00ednea de playa.<\/p>   <p><p><strong>Sigue el canal de la SER en WhatsApp<\/strong><br \/>Encontrar\u00e1s toda la informaci\u00f3n, el deporte y el entretenimiento: la actualidad del d\u00eda y las noticias de \u00faltima hora, los mejores v\u00eddeos y momentos de la radio, entrevistas, reportajes y mucho m\u00e1s.<\/p><a href=\"https:\/\/www.whatsapp.com\/channel\/0029Va633PF9WtC4l7XUzh1e\" title=\"Suscr\u00edbete\">Suscr\u00edbete ahora<\/a><\/p> ","protected":false},"excerpt":{"rendered":"<p>Los trabajos est\u00e1n incluidos en el proyecto de renovaci\u00f3n integral del Paseo de las Estrellas<\/p>\n","protected":false},"author":0,"featured_media":5134,"comment_status":"open","ping_status":"open","sticky":false,"template":"","format":"standard","meta":{"_acf_changed":false,"footnotes":""},"categories":[1],"tags":[],"class_list":["post-5133","post","type-post","status-publish","format-standard","has-post-thumbnail","hentry","category-sin-categoria"],"acf":{"ser_id":"MZMPEFKHN5FQVAXH2EGNU2GYDM","ser_url":"https:\/\/cadenaser.com\/comunitat-valenciana\/2024\/05\/16\/el-raco-de-lalbir-tendra-nueva-biblioplaya-y-puesto-de-socorrismo-en-dos-semanas-radio-benidorm\/"},"_links":{"self":[{"href":"https:\/\/serbenidorm.daliisolutions.com\/index.php\/wp-json\/wp\/v2\/posts\/5133","targetHints":{"allow":["GET"]}}],"collection":[{"href":"https:\/\/serbenidorm.daliisolutions.com\/index.php\/wp-json\/wp\/v2\/posts"}],"about":[{"href":"https:\/\/serbenidorm.daliisolutions.com\/index.php\/wp-json\/wp\/v2\/types\/post"}],"replies":[{"embeddable":true,"href":"https:\/\/serbenidorm.daliisolutions.com\/index.php\/wp-json\/wp\/v2\/comments?post=5133"}],"version-history":[{"count":0,"href":"https:\/\/serbenidorm.daliisolutions.com\/index.php\/wp-json\/wp\/v2\/posts\/5133\/revisions"}],"wp:featuredmedia":[{"embeddable":true,"href":"https:\/\/serbenidorm.daliisolutions.com\/index.php\/wp-json\/wp\/v2\/media\/5134"}],"wp:attachment":[{"href":"https:\/\/serbenidorm.daliisolutions.com\/index.php\/wp-json\/wp\/v2\/media?parent=5133"}],"wp:term":[{"taxonomy":"category","embeddable":true,"href":"https:\/\/serbenidorm.daliisolutions.com\/index.php\/wp-json\/wp\/v2\/categories?post=5133"},{"taxonomy":"post_tag","embeddable":true,"href":"https:\/\/serbenidorm.daliisolutions.com\/index.php\/wp-json\/wp\/v2\/tags?post=5133"}],"curies":[{"name":"wp","href":"https:\/\/api.w.org\/{rel}","templated":true}]}}