{"id":5145,"date":"2024-05-16T17:18:01","date_gmt":"2024-05-16T15:18:01","guid":{"rendered":"https:\/\/serbenidorm.daliisolutions.com\/index.php\/2024\/05\/16\/un-juzgado-de-benidorm-abre-diligencias-al-jefe-de-la-policia-local-cesado-en-altea-por-falsificacion-de-documento-publico\/"},"modified":"2024-05-16T17:18:01","modified_gmt":"2024-05-16T15:18:01","slug":"un-juzgado-de-benidorm-abre-diligencias-al-jefe-de-la-policia-local-cesado-en-altea-por-falsificacion-de-documento-publico","status":"publish","type":"post","link":"https:\/\/serbenidorm.daliisolutions.com\/index.php\/2024\/05\/16\/un-juzgado-de-benidorm-abre-diligencias-al-jefe-de-la-policia-local-cesado-en-altea-por-falsificacion-de-documento-publico\/","title":{"rendered":"Un juzgado de Benidorm abre diligencias al jefe de la Polic\u00eda Local cesado en Altea por falsificaci\u00f3n de documento p\u00fablico"},"content":{"rendered":"  <p>El Juzgado de Instrucci\u00f3n N\u00ba4 de Benidorm ha acordado a instancias de la Fiscal\u00eda abrir diligencias previas por presunto delito de falsificaci\u00f3n en documento p\u00fablico a Armando Reig, intendente provisional de la Polic\u00eda Local de Altea que fue cesado por el Ayuntamiento.<\/p>   <p>Un movimiento que se produce despu\u00e9s de haber recabado <a href=\"https:\/\/cadenaser.com\/tag\/altea\/a\/\" target=\"_blank\" rel=\"noopener\">indicios de que estando en marcha el proceso de selecci\u00f3n del puesto de intendente y siendo aspirante al mismo, Reig remiti\u00f3 comunicaci\u00f3n a la Agencia Valenciana de Seguridad y Respuesta a Emergencias, por la que se propon\u00eda a s\u00ed mismo para incorporarse a ese curso organizado por el IVASPE<\/a>.<\/p>   <p>Todo ello, aseguran ahora desde el consistorio de la villa blanca, pese a su deber legal de abstenci\u00f3n en un procedimiento en que aparec\u00eda directamente implicado y pese a no ser competente para proponerse a s\u00ed mismo para la realizaci\u00f3n del curso. \u00abDichos hechos, sin perjuicio de ulterior y mejor calificaci\u00f3n, son indiciariamente constitutivos de un delito de falsedad en documento oficial y de prevaricaci\u00f3n administrativa\u00bb, ha se\u00f1alado el concejal de Seguridad Ciudadana Rafael Momp\u00f3.<\/p>   <p>Momp\u00f3 ha a\u00f1adido adem\u00e1s que por parte del gobierno alteano \u00abno se descarta ampliar las citadas diligencias\u00bb. Sin embargo, desde el <a href=\"https:\/\/cadenaser.com\/tag\/sindicatos\/a\/\" target=\"_blank\" rel=\"noopener\">Sindicato Profesional de Polic\u00eda Locales y Bomberos (SPPLB)<\/a> defienden al intendente.<\/p>  <p><p>M\u00e1s informaci\u00f3n<\/p><figure><img loading=\"lazy\" decoding=\"async\" src=\"https:\/\/cadenaser.com\/resizer\/v2\/UYCQIYAI4NF7PBTWEGKLNX3NRM.png?auth=87ac763ea70c3068c7a2de45c1c3264d596ca69515eb574ce945178333fd50a2&amp;quality=70&amp;width=360&amp;height=202&amp;smart=true\" width=\"820\" height=\"621\" \/><\/figure><ul><li><a href=\"https:\/\/cadenaser.com\/comunitat-valenciana\/2023\/09\/21\/el-exalcalde-de-altea-es-investigado-por-el-cese-de-un-jefe-de-la-policia-local-radio-benidorm\/\"><span>El exalcalde de Altea es investigado por el cese de un jefe de la Polic\u00eda Local<\/span><\/a><\/li><\/ul><\/p>   <p>Su secretario Paco \u00c1ngel Gonz\u00e1lez afirma que hay \u00abdos procesos selectivos diferenciados donde particip\u00f3 el intendente y consta autorizaci\u00f3n por parte del concejal para que asistiera al IVASPE y por tanto todo esto lo tendr\u00e1n que demostrar en sede judicial tanto administrativa como penalmente\u00bb.<\/p>   <p>El SPPLB ya denunci\u00f3 hace justo un a\u00f1o la \u00abactuaci\u00f3n ilegal\u00bb del ejecutivo local por cesar de su puesto de trabajo al intendente jefe \u00aben base a un informe jur\u00eddico del secretario accidental que no se ajustaba a derecho\u00bb y que tacharon como una \u00abcacicada sin precedentes\u00bb. Reig ha sido citado a declarar el 5 de noviembre.<\/p> ","protected":false},"excerpt":{"rendered":"<p>Armando Reig denunci\u00f3 antes al exalcalde, a un concejal y al secretario accidental por haber sido cesado del cargo \u00abinjustamente\u00bb<\/p>\n","protected":false},"author":0,"featured_media":5146,"comment_status":"open","ping_status":"open","sticky":false,"template":"","format":"standard","meta":{"_acf_changed":false,"footnotes":""},"categories":[1],"tags":[],"class_list":["post-5145","post","type-post","status-publish","format-standard","has-post-thumbnail","hentry","category-sin-categoria"],"acf":{"ser_id":"5XRF6KIESNH5HO73SPDDJCGYUA","ser_url":"https:\/\/cadenaser.com\/comunitat-valenciana\/2024\/05\/16\/un-juzgado-de-benidorm-abre-diligencias-al-jefe-de-la-policia-local-cesado-en-altea-por-falsificacion-de-documento-publico-radio-benidorm\/"},"_links":{"self":[{"href":"https:\/\/serbenidorm.daliisolutions.com\/index.php\/wp-json\/wp\/v2\/posts\/5145","targetHints":{"allow":["GET"]}}],"collection":[{"href":"https:\/\/serbenidorm.daliisolutions.com\/index.php\/wp-json\/wp\/v2\/posts"}],"about":[{"href":"https:\/\/serbenidorm.daliisolutions.com\/index.php\/wp-json\/wp\/v2\/types\/post"}],"replies":[{"embeddable":true,"href":"https:\/\/serbenidorm.daliisolutions.com\/index.php\/wp-json\/wp\/v2\/comments?post=5145"}],"version-history":[{"count":0,"href":"https:\/\/serbenidorm.daliisolutions.com\/index.php\/wp-json\/wp\/v2\/posts\/5145\/revisions"}],"wp:featuredmedia":[{"embeddable":true,"href":"https:\/\/serbenidorm.daliisolutions.com\/index.php\/wp-json\/wp\/v2\/media\/5146"}],"wp:attachment":[{"href":"https:\/\/serbenidorm.daliisolutions.com\/index.php\/wp-json\/wp\/v2\/media?parent=5145"}],"wp:term":[{"taxonomy":"category","embeddable":true,"href":"https:\/\/serbenidorm.daliisolutions.com\/index.php\/wp-json\/wp\/v2\/categories?post=5145"},{"taxonomy":"post_tag","embeddable":true,"href":"https:\/\/serbenidorm.daliisolutions.com\/index.php\/wp-json\/wp\/v2\/tags?post=5145"}],"curies":[{"name":"wp","href":"https:\/\/api.w.org\/{rel}","templated":true}]}}