{"id":5147,"date":"2024-05-16T17:18:01","date_gmt":"2024-05-16T15:18:01","guid":{"rendered":"https:\/\/serbenidorm.daliisolutions.com\/index.php\/2024\/05\/16\/el-benidorm-pone-a-la-venta-las-entradas-para-su-partido-ante-el-valencia\/"},"modified":"2024-05-16T17:18:01","modified_gmt":"2024-05-16T15:18:01","slug":"el-benidorm-pone-a-la-venta-las-entradas-para-su-partido-ante-el-valencia","status":"publish","type":"post","link":"https:\/\/serbenidorm.daliisolutions.com\/index.php\/2024\/05\/16\/el-benidorm-pone-a-la-venta-las-entradas-para-su-partido-ante-el-valencia\/","title":{"rendered":"El Benidorm pone a la venta las entradas para su partido ante el Valencia"},"content":{"rendered":"  <p>El estadio Guillermo Amor acoger\u00e1 el pr\u00f3ximo d\u00eda 28 de mayo<a href=\"https:\/\/cadenaser.com\/comunitat-valenciana\/2024\/05\/14\/partido-de-primera-en-el-guillermo-amor-el-benidorm-se-medira-al-valencia-en-un-amistoso-radio-benidorm\/\" target=\"_blank\" rel=\"noopener\"> un encuentro amistoso entre el Benidorm y el Valencia<\/a> que servir\u00e1 no s\u00f3lo para poner punto y final a la temporada de ambos equipos sino, sobre todo, como gran celebraci\u00f3n del ascenso a Tercera Federaci\u00f3n conseguido por el once dirigido por Miguel \u00c1ngel Mart\u00ednez tras una fenomenal campa\u00f1a en la Lliga Comunitat.<\/p>  <p><p>M\u00e1s informaci\u00f3n<\/p><figure><img loading=\"lazy\" decoding=\"async\" src=\"https:\/\/cadenaser.com\/resizer\/v2\/RI6SVCPMLZD4PCO662ENW772EQ.jpg?auth=b2c6f9b078a27bbd7039a012ee6ae433fd26ad5ffc1f6e12ad52ff6a999c9ec8&amp;quality=70&amp;width=360&amp;height=202&amp;smart=true\" width=\"820\" height=\"621\" \/><\/figure><ul><li><a href=\"https:\/\/cadenaser.com\/comunitat-valenciana\/2024\/05\/14\/partido-de-primera-en-el-guillermo-amor-el-benidorm-se-medira-al-valencia-en-un-amistoso-radio-benidorm\/\"><span>Partido de Primera en el Guillermo Amor: El Benidorm se medir\u00e1 al Valencia en un amistoso<\/span><\/a><\/li><\/ul><\/p>   <p>El C.F. Benidorm ya ha puesto a la venta las entradas para ese partido que arrancar\u00e1 a las 19:00 horas y que tendr\u00e1n un precio que oscilar\u00e1 entre los 10 y los 20 euros. As\u00ed las cosas, las localidades de tribuna tendr\u00e1n un precio de 20 euros para el p\u00fablico general (15 euros para los abonados de los dos equipos) mientras que los que opten por la conocida como \u2018grada Rolling\u2019 deber\u00e1n desembolsar 15 euros (10 para los abonados del Benidorm y del Valencia).<\/p>   <p>Adem\u00e1s de eso, los menores de hasta doce a\u00f1os, tendr\u00e1n entrada gratuita siempre y cuando vayan acompa\u00f1ados de un adulto, si bien este tipo de entradas estar\u00e1n limitadas a dos acompa\u00f1antes menores por cada adulto.<\/p>   <p>Las entradas se han puesto ya a la venta <a href=\"https:\/\/cfbenidorm.compralaentrada.com\/eventos\/\">en la web del C.F. Benidorm<\/a> y tambi\u00e9n se podr\u00e1n adquirir en las taquillas del estadio de lunes a jueves en horario de 16:30 a 19:30 horas y el mismo d\u00eda del partido desde hora y media antes del inicio del mismo.<\/p>   <p><p><strong>Sigue el canal de la SER en WhatsApp<\/strong><br \/>Encontrar\u00e1s toda la informaci\u00f3n, el deporte y el entretenimiento: la actualidad del d\u00eda y las noticias de \u00faltima hora, los mejores v\u00eddeos y momentos de la radio, entrevistas, reportajes y mucho m\u00e1s.<\/p><a href=\"https:\/\/www.whatsapp.com\/channel\/0029Va633PF9WtC4l7XUzh1e\" title=\"Suscr\u00edbete\">Suscr\u00edbete ahora<\/a><\/p> ","protected":false},"excerpt":{"rendered":"<p>El choque con el equipo de Rub\u00e9n Baraja se disputar\u00e1 el d\u00eda 28 de mayo a las 19:00 horas en el Guillermo Amor<\/p>\n","protected":false},"author":0,"featured_media":5148,"comment_status":"open","ping_status":"open","sticky":false,"template":"","format":"standard","meta":{"_acf_changed":false,"footnotes":""},"categories":[16],"tags":[],"class_list":["post-5147","post","type-post","status-publish","format-standard","has-post-thumbnail","hentry","category-deportes"],"acf":{"ser_id":"WFXUPY5UPFC3BJ24NKJ2HY7RDI","ser_url":"https:\/\/cadenaser.com\/comunitat-valenciana\/2024\/05\/16\/el-benidorm-pone-a-la-venta-las-entradas-para-su-partido-ante-el-valencia-radio-benidorm\/"},"_links":{"self":[{"href":"https:\/\/serbenidorm.daliisolutions.com\/index.php\/wp-json\/wp\/v2\/posts\/5147","targetHints":{"allow":["GET"]}}],"collection":[{"href":"https:\/\/serbenidorm.daliisolutions.com\/index.php\/wp-json\/wp\/v2\/posts"}],"about":[{"href":"https:\/\/serbenidorm.daliisolutions.com\/index.php\/wp-json\/wp\/v2\/types\/post"}],"replies":[{"embeddable":true,"href":"https:\/\/serbenidorm.daliisolutions.com\/index.php\/wp-json\/wp\/v2\/comments?post=5147"}],"version-history":[{"count":0,"href":"https:\/\/serbenidorm.daliisolutions.com\/index.php\/wp-json\/wp\/v2\/posts\/5147\/revisions"}],"wp:featuredmedia":[{"embeddable":true,"href":"https:\/\/serbenidorm.daliisolutions.com\/index.php\/wp-json\/wp\/v2\/media\/5148"}],"wp:attachment":[{"href":"https:\/\/serbenidorm.daliisolutions.com\/index.php\/wp-json\/wp\/v2\/media?parent=5147"}],"wp:term":[{"taxonomy":"category","embeddable":true,"href":"https:\/\/serbenidorm.daliisolutions.com\/index.php\/wp-json\/wp\/v2\/categories?post=5147"},{"taxonomy":"post_tag","embeddable":true,"href":"https:\/\/serbenidorm.daliisolutions.com\/index.php\/wp-json\/wp\/v2\/tags?post=5147"}],"curies":[{"name":"wp","href":"https:\/\/api.w.org\/{rel}","templated":true}]}}