{"id":517,"date":"2023-12-11T14:44:13","date_gmt":"2023-12-11T13:44:13","guid":{"rendered":"https:\/\/serbenidorm.daliisolutions.com\/index.php\/2023\/12\/11\/el-consumo-de-agua-y-la-recogida-de-basuras-en-benidorm-ratifican-el-calor-turistico-en-el-puente\/"},"modified":"2023-12-11T14:44:13","modified_gmt":"2023-12-11T13:44:13","slug":"el-consumo-de-agua-y-la-recogida-de-basuras-en-benidorm-ratifican-el-calor-turistico-en-el-puente","status":"publish","type":"post","link":"https:\/\/serbenidorm.daliisolutions.com\/index.php\/2023\/12\/11\/el-consumo-de-agua-y-la-recogida-de-basuras-en-benidorm-ratifican-el-calor-turistico-en-el-puente\/","title":{"rendered":"El consumo de agua y la recogida de basuras en Benidorm ratifican el &#x27;calor&#x27; tur\u00edstico en el puente"},"content":{"rendered":"  <p>Benidorm<\/p>   <p>El puente de la Constituci\u00f3n y la Inmaculada han vuelto a disparar durante estos d\u00edas la ocupaci\u00f3n tur\u00edstica en Benidorm, seg\u00fan reflejan los datos ofrecidos por el sector vacacional de la ciudad y tambi\u00e9n otros indicadores, como los relacionados con el consumo de agua potable o la recogida de residuos s\u00f3lidos urbanos. <\/p>   <p>El edil de Ciclo del Agua, Jos\u00e9 Ram\u00f3n Gonz\u00e1lez de Z\u00e1rate, ha dado a conocer este lunes que la ciudad increment\u00f3 un 1,36% el consumo h\u00eddrico entre el martes, d\u00eda 5, y el domingo, 10 de diciembre, frente al mismo periodo del a\u00f1o anterior, <a href=\"https:\/\/cadenaser.com\/tag\/benidorm\/a\/\" target=\"_blank\" rel=\"noopener\">con picos que alcanzan incrementos de hasta el 6%<\/a>. <\/p>   <p>En concreto, seg\u00fan los datos facilitados por el concejal, el consumo de agua durante los seis d\u00edas analizados fue de 142.054 metros c\u00fabicos frente a los 140.153 registrados en 2022. Asimismo, cabe destacar que la demanda total durante estas fechas representa un incremento del 14,31% con respecto a los datos de 2019, antes del estallido de la pandemia, cuando en el conjunto del \u2018puente\u2019 el consumo anda de agua potable en la ciudad alcanz\u00f3 los 124.266 metros c\u00fabicos.<\/p>   <p><p>M\u00e1s informaci\u00f3n<\/p><figure><img decoding=\"async\" src=\"https:\/\/cadenaser.com\/resizer\/2Ide2TDi844OfE--VfSWJAZSO0s=\/650x366\/filters:quality(70)\/cloudfront-eu-central-1.images.arcpublishing.com\/prisaradio\/CIA6KJXGIVE65KKMOYR5LX4QZU.jpeg\" loading=\"lazy\" width=\"828\" height=\"621\" \/><\/figure><ul><li><a href=\"https:\/\/cadenaser.com\/comunitat-valenciana\/2023\/12\/07\/la-loteria-de-navidad-el-recuerdo-favorito-de-benidorm-durante-el-puente-radio-benidorm\/\">La Loter\u00eda de Navidad, el recuerdo favorito de Benidorm durante el puente<\/a><\/li><\/ul><\/p>   <p>El s\u00e1bado, 9 de diciembre, fue el d\u00eda en el que m\u00e1s se increment\u00f3 la demanda con respecto al pasado a\u00f1o: 23.605 metros c\u00fabicos sobre los 22.268 computados el a\u00f1o anterior, lo que se traduce en un 6% m\u00e1s. <\/p>   <p>Por lo que respecta al resto de jornadas de este 2023, el martes, 5 de diciembre, el consumo fue de 23.689 metros c\u00fabicos, un 4% menos que en 2022; el mi\u00e9rcoles, d\u00eda 6, ascendi\u00f3 a 23.847, lo que supone un descenso del 0,27% frente al a\u00f1o anterior; el jueves, 7 de diciembre, se consumieron 23.820 m3, un 3,83% m\u00e1s; el viernes, d\u00eda 8, el consumo alcanz\u00f3 los 23.733, un 2,53% m\u00e1s; y, por \u00faltimo, el domingo, d\u00eda 10, el registro lleg\u00f3 a los 23.360 metros c\u00fabicos y un consumo del 0,65% m\u00e1s que hace un a\u00f1o.<\/p>   <p>La recogida de residuos tambi\u00e9n se ha incrementado casi un 1%<\/p>   <p>Lo mismo ha ocurrido con los datos de recogida de residuos s\u00f3lidos urbanos. En este caso, la cifra ha pasado de los 592.880 kilogramos de basura recogidos entre el 6 y el 10 de diciembre de 2022 a los 606.200 kilos computados en el mismo periodo de este 2023, siendo tambi\u00e9n el s\u00e1bado el d\u00eda en el que se produjo un mayor incremento: de 109.660 a 122.660 kilogramos, lo que representa un 11,85% m\u00e1s.<\/p>   <p>El edil Jos\u00e9 Ram\u00f3n Gonz\u00e1lez de Z\u00e1rate ha recordado que en los \u00faltimos tiempos \u201cse han realizado muchos esfuerzos por mejorar la eficiencia en la red de agua en nuestra ciudad, coloc\u00e1ndonos como ejemplo de ahorro y reutilizaci\u00f3n\u201d y ha agregado que \u201ca\u00fan as\u00ed, los datos reflejan que ha habido un incremento significativo en el consumo, lo que denota una llegada mayor de visitantes\u201d para pasar estos d\u00edas festivos en nuestro destino.<\/p>   <p><div class=\"hd\"><p>Radio Benidorm<\/p><\/div><div class=\"lst lst-s\"><ul><li><div id=\"player-cadenaser_benidorm_hoyporhoymatinalbenidorm_20231211_082000_083000\" class=\"c-pl-a\"><button class=\"bt-pp\" data-audioid=\"cadenaser_benidorm_hoyporhoymatinalbenidorm_20231211_082000_083000\" data-type=\"aod\">Play<\/button><\/div><p title=\"Hoy por Hoy matinal Benidorm 8:20 (11\/12\/2023)\"><span>Hoy por Hoy matinal Benidorm 8:20 (11\/12\/2023)<\/span><span>10:00<!-- -->\u00a0|\u00a0<!-- -->Hoy por Hoy matinal Benidorm<\/span><\/p><\/li><li><div id=\"player-cadenaser_benidorm_hoyporhoymatinalbenidorm_20231211_072000_073000\" class=\"c-pl-a\"><button class=\"bt-pp\" data-audioid=\"cadenaser_benidorm_hoyporhoymatinalbenidorm_20231211_072000_073000\" data-type=\"aod\">Play<\/button><\/div><p title=\"Hoy por Hoy matinal Benidorm 7:20 (11\/12\/2023)\"><span>Hoy por Hoy matinal Benidorm 7:20 (11\/12\/2023)<\/span><span>10:00<!-- -->\u00a0|\u00a0<!-- -->Hoy por Hoy matinal Benidorm<\/span><\/p><\/li><li><div id=\"player-cadenaser_benidorm_laventanadelamarinabaixa_20231208_192000_194000\" class=\"c-pl-a\"><button class=\"bt-pp\" data-audioid=\"cadenaser_benidorm_laventanadelamarinabaixa_20231208_192000_194000\" data-type=\"aod\">Play<\/button><\/div><p title=\"La Ventana de la Marina Baixa (08\/12\/2023)\"><span>La Ventana de la Marina Baixa (08\/12\/2023)<\/span><span>20:00<!-- -->\u00a0|\u00a0<!-- -->La Ventana de la Marina Baixa<\/span><\/p><\/li><li><div id=\"player-cadenaser_benidorm_serdeportivosbenidorm_20231208_152000_160000\" class=\"c-pl-a\"><button class=\"bt-pp\" data-audioid=\"cadenaser_benidorm_serdeportivosbenidorm_20231208_152000_160000\" data-type=\"aod\">Play<\/button><\/div><p title=\"SER Deportivos Benidorm (08\/12\/2023)\"><span>SER Deportivos Benidorm (08\/12\/2023)<\/span><span>40:00<!-- -->\u00a0|\u00a0<!-- -->SER Deportivos Benidorm<\/span><\/p><\/li><li><div id=\"player-cadenaser_benidorm_hora14benidorm_20231208_141700_143000\" class=\"c-pl-a\"><button class=\"bt-pp\" data-audioid=\"cadenaser_benidorm_hora14benidorm_20231208_141700_143000\" data-type=\"aod\">Play<\/button><\/div><p title=\"Hora 14 Benidorm (08\/12\/2023)\"><span>Hora 14 Benidorm (08\/12\/2023)<\/span><span>13:00<!-- -->\u00a0|\u00a0<!-- -->Hora 14 Benidorm<\/span><\/p><\/li><li><div id=\"player-cadenaser_benidorm_hoyporhoybenidorm_20231208_122000_140000\" class=\"c-pl-a\"><button class=\"bt-pp\" data-audioid=\"cadenaser_benidorm_hoyporhoybenidorm_20231208_122000_140000\" data-type=\"aod\">Play<\/button><\/div><p title=\"Hoy por Hoy Benidorm (08\/12\/2023)\"><span>Hoy por Hoy Benidorm (08\/12\/2023)<\/span><span>01:40:00<!-- -->\u00a0|\u00a0<!-- -->Hoy por Hoy Benidorm<\/span><\/p><\/li><li><div id=\"player-cadenaser_benidorm_hoyporhoymatinalbenidorm_20231208_082000_083000\" class=\"c-pl-a\"><button class=\"bt-pp\" data-audioid=\"cadenaser_benidorm_hoyporhoymatinalbenidorm_20231208_082000_083000\" data-type=\"aod\">Play<\/button><\/div><p title=\"Hoy por Hoy matinal Benidorm 8:20 (08\/12\/2023)\"><span>Hoy por Hoy matinal Benidorm 8:20 (08\/12\/2023)<\/span><span>10:00<!-- -->\u00a0|\u00a0<!-- -->Hoy por Hoy matinal Benidorm<\/span><\/p><\/li><li><div id=\"player-cadenaser_benidorm_hoyporhoymatinalbenidorm_20231208_072000_073000\" class=\"c-pl-a\"><button class=\"bt-pp\" data-audioid=\"cadenaser_benidorm_hoyporhoymatinalbenidorm_20231208_072000_073000\" data-type=\"aod\">Play<\/button><\/div><p title=\"Hoy por Hoy matinal Benidorm 7:20 (08\/12\/2023)\"><span>Hoy por Hoy matinal Benidorm 7:20 (08\/12\/2023)<\/span><span>10:00<!-- -->\u00a0|\u00a0<!-- -->Hoy por Hoy matinal Benidorm<\/span><\/p><\/li><li><div id=\"player-cadenaser_benidorm_serdeportivosbenidorm_20231207_152000_160000\" class=\"c-pl-a\"><button class=\"bt-pp\" data-audioid=\"cadenaser_benidorm_serdeportivosbenidorm_20231207_152000_160000\" data-type=\"aod\">Play<\/button><\/div><p title=\"SER Deportivos Benidorm (07\/12\/2023)\"><span>SER Deportivos Benidorm (07\/12\/2023)<\/span><span>40:00<!-- -->\u00a0|\u00a0<!-- -->SER Deportivos Benidorm<\/span><\/p><\/li><li><div id=\"player-cadenaser_benidorm_hora14benidorm_20231207_141700_143000\" class=\"c-pl-a\"><button class=\"bt-pp\" data-audioid=\"cadenaser_benidorm_hora14benidorm_20231207_141700_143000\" data-type=\"aod\">Play<\/button><\/div><p title=\"Hora 14 Benidorm (07\/12\/2023)\"><span>Hora 14 Benidorm (07\/12\/2023)<\/span><span>13:00<!-- -->\u00a0|\u00a0<!-- -->Hora 14 Benidorm<\/span><\/p><\/li><li><div id=\"player-cadenaser_benidorm_hoyporhoybenidorm_20231207_122000_140000\" class=\"c-pl-a\"><button class=\"bt-pp\" data-audioid=\"cadenaser_benidorm_hoyporhoybenidorm_20231207_122000_140000\" data-type=\"aod\">Play<\/button><\/div><p title=\"Hoy por Hoy Benidorm (07\/12\/2023)\"><span>Hoy por Hoy Benidorm (07\/12\/2023)<\/span><span>01:40:00<!-- -->\u00a0|\u00a0<!-- -->Hoy por Hoy Benidorm<\/span><\/p><\/li><li><div id=\"player-1701952151205\" class=\"c-pl-a\"><button class=\"bt-pp\" data-audioid=\"1701952151205\" data-type=\"aod\">Play<\/button><\/div><p title=\"Risas, an\u00e9cdotas y mucha vida en homenaje a Juan Carlos Hern\u00e1ndez\"><span>Risas, an\u00e9cdotas y mucha vida en homenaje a Juan Carlos Hern\u00e1ndez<\/span><span>40:14<!-- -->\u00a0|\u00a0<!-- -->SER Deportivos Benidorm<\/span><\/p><\/li><li><div id=\"player-cadenaser_benidorm_hoyporhoymatinalbenidorm_20231207_082000_083000\" class=\"c-pl-a\"><button class=\"bt-pp\" data-audioid=\"cadenaser_benidorm_hoyporhoymatinalbenidorm_20231207_082000_083000\" data-type=\"aod\">Play<\/button><\/div><p title=\"Hoy por Hoy matinal Benidorm 8:20 (07\/12\/2023)\"><span>Hoy por Hoy matinal Benidorm 8:20 (07\/12\/2023)<\/span><span>10:00<!-- -->\u00a0|\u00a0<!-- -->Hoy por Hoy matinal Benidorm<\/span><\/p><\/li><li><div id=\"player-cadenaser_benidorm_hoyporhoymatinalbenidorm_20231207_072000_073000\" class=\"c-pl-a\"><button class=\"bt-pp\" data-audioid=\"cadenaser_benidorm_hoyporhoymatinalbenidorm_20231207_072000_073000\" data-type=\"aod\">Play<\/button><\/div><p title=\"Hoy por Hoy matinal Benidorm 7:20 (07\/12\/2023)\"><span>Hoy por Hoy matinal Benidorm 7:20 (07\/12\/2023)<\/span><span>10:00<!-- -->\u00a0|\u00a0<!-- -->Hoy por Hoy matinal Benidorm<\/span><\/p><\/li><li><div id=\"player-cadenaser_benidorm_serdeportivosbenidorm_20231206_152000_160000\" class=\"c-pl-a\"><button class=\"bt-pp\" data-audioid=\"cadenaser_benidorm_serdeportivosbenidorm_20231206_152000_160000\" data-type=\"aod\">Play<\/button><\/div><p title=\"SER Deportivos Benidorm (06\/12\/2023)\"><span>SER Deportivos Benidorm (06\/12\/2023)<\/span><span>40:00<!-- -->\u00a0|\u00a0<!-- -->SER Deportivos Benidorm<\/span><\/p><\/li><\/ul><\/div><\/p> ","protected":false},"excerpt":{"rendered":"<p>El consumo de agua en la ciudad creci\u00f3 en los \u00faltimos seis d\u00edas un 1,36% frente a 2022 por la elevada afluencia de visitantes<\/p>\n","protected":false},"author":0,"featured_media":518,"comment_status":"open","ping_status":"open","sticky":false,"template":"","format":"standard","meta":{"_acf_changed":false,"footnotes":""},"categories":[1],"tags":[],"class_list":["post-517","post","type-post","status-publish","format-standard","has-post-thumbnail","hentry","category-sin-categoria"],"acf":{"ser_id":"DRHMBBMVXVE5LMZKBKLSGFSMIU","ser_url":""},"_links":{"self":[{"href":"https:\/\/serbenidorm.daliisolutions.com\/index.php\/wp-json\/wp\/v2\/posts\/517","targetHints":{"allow":["GET"]}}],"collection":[{"href":"https:\/\/serbenidorm.daliisolutions.com\/index.php\/wp-json\/wp\/v2\/posts"}],"about":[{"href":"https:\/\/serbenidorm.daliisolutions.com\/index.php\/wp-json\/wp\/v2\/types\/post"}],"replies":[{"embeddable":true,"href":"https:\/\/serbenidorm.daliisolutions.com\/index.php\/wp-json\/wp\/v2\/comments?post=517"}],"version-history":[{"count":0,"href":"https:\/\/serbenidorm.daliisolutions.com\/index.php\/wp-json\/wp\/v2\/posts\/517\/revisions"}],"wp:featuredmedia":[{"embeddable":true,"href":"https:\/\/serbenidorm.daliisolutions.com\/index.php\/wp-json\/wp\/v2\/media\/518"}],"wp:attachment":[{"href":"https:\/\/serbenidorm.daliisolutions.com\/index.php\/wp-json\/wp\/v2\/media?parent=517"}],"wp:term":[{"taxonomy":"category","embeddable":true,"href":"https:\/\/serbenidorm.daliisolutions.com\/index.php\/wp-json\/wp\/v2\/categories?post=517"},{"taxonomy":"post_tag","embeddable":true,"href":"https:\/\/serbenidorm.daliisolutions.com\/index.php\/wp-json\/wp\/v2\/tags?post=517"}],"curies":[{"name":"wp","href":"https:\/\/api.w.org\/{rel}","templated":true}]}}