{"id":5172,"date":"2024-05-17T15:31:27","date_gmt":"2024-05-17T13:31:27","guid":{"rendered":"https:\/\/serbenidorm.daliisolutions.com\/index.php\/2024\/05\/17\/asi-se-celebra-el-dia-internacional-de-los-museos-en-la-marina-baixa\/"},"modified":"2024-05-17T15:31:27","modified_gmt":"2024-05-17T13:31:27","slug":"asi-se-celebra-el-dia-internacional-de-los-museos-en-la-marina-baixa","status":"publish","type":"post","link":"https:\/\/serbenidorm.daliisolutions.com\/index.php\/2024\/05\/17\/asi-se-celebra-el-dia-internacional-de-los-museos-en-la-marina-baixa\/","title":{"rendered":"As\u00ed se celebra el Dia Internacional de los Museos en la Marina Baixa"},"content":{"rendered":"  <p>Los museos de la Marina Baixa se preparan para celebrar el D\u00eda Internacional de los Museos y atraer a cuantos m\u00e1s visitantes mejor hasta sus salas expositivas. Aprovechando que este 18 de mayo se celebra el D\u00eda Internacional de los Museos, estos centros culturales han reforzado y ampliado su programaci\u00f3n.<\/p>   <p>En La Vila Joiosa Vilamuseu est\u00e1 celebrando esta jornada de viernes una curiosa actividad llamada \u201cYo nunca nunca\u2026. Me he colado en un museo\u201d. La muse\u00f3loga de Vilamuseu, Carmina Bonmat\u00ed, ha explicado en <a href=\"\/\/radiobenidorm.es\" target=\"_blank\" rel=\"noopener\">Hoy por Hoy Benidorm<\/a> que el objetivo es \u201cdejar \u201ccolar\u201d a los grupos visitantes en distintas zonas del museo a las que normalmente no tienen acceso y que, incluso, no tenemos acceso ni siquiera muchos de los t\u00e9cnicos, como pueda ser el taller textil\u201d.<\/p>   <p>Adem\u00e1s a lo largo de todo el d\u00eda se est\u00e1n sucediendo las charlas y talleres sobre distintas zonas y exposiciones visitables en este museo. Asimismo para ma\u00f1ana 18 de mayo <a href=\"https:\/\/cadenaser.com\/comunitat-valenciana\/2023\/02\/23\/el-stylus-de-vilamuseu-un-bic-de-mas-de-2000-anos-radio-benidorm\/\" target=\"_blank\" rel=\"noopener\">Vilamuseu <\/a>ha programado una jornada de puertas abiertas en la que el museo tendr\u00e1 entrada gratuita durante todo el d\u00eda y que Carmina Bonmat\u00ed considera \u201cuna oportunidad \u00fanica para disfrutar de este museo\u201d.<\/p>   <p>En L\u2019Alf\u00e0s del Pi celebrar\u00e1n la efem\u00e9ride con una charla en la Casa de Cultura sobre \u201cArqueolog\u00eda en la Villa Romana de l\u2019Albir: los \u00faltimos descubrimientos\u201d que tendr\u00e1 lugar a las 19:00 horas con entrada gratuita.<\/p>   <p>La arque\u00f3loga Carolina Fr\u00edas tambi\u00e9n ha estado en Hoy por Hoy Benidorm y ha explicado que en esta charla se dar\u00e1n a conocer, de manera did\u00e1ctica, las novedades del yacimiento de la Villa Romana de l\u2019Albir, a ra\u00edz de las excavaciones llevadas a cabo desde enero, con las que se han sacado a la luz restos de la zona productiva del asentamiento. \u201cEn estos \u00faltimos trabajos pens\u00e1bamos que nos \u00edbamos a encontrar una almazara para producir aceite pero lo que nos hemos encontrado es una bodega, por lo que hemos podido saber que en la Villa Romana del Albir se fabricaba vino para su posterior venta y distribuci\u00f3n\u201d ha revelado Fr\u00edas.<\/p>   <p>Tambi\u00e9n se pondr\u00e1 en valor el papel del Museo en la investigaci\u00f3n y difusi\u00f3n del patrimonio arqueol\u00f3gico del municipio. <a href=\"https:\/\/cadenaser.com\/comunitat-valenciana\/2024\/05\/14\/jornada-de-puertas-abiertas-sobre-conservacion-en-la-villa-romana-del-albir-radio-benidorm\/\" target=\"_blank\" rel=\"noopener\">La Villa Romana de l\u2019Albir,<\/a> catalogada por el Consell como el primer Museo al Aire Libre de la Comunidad Valenciana.<\/p>   <p>En Benidorm este s\u00e1bado, con motivo del D\u00eda Internacional de los Museos, el Museo Municipal Boca del Calvari entregar\u00e1 un peque\u00f1o obsequio a las 30 primeras personas que lo visiten. Adem\u00e1s El Benidorm Virtual, con motivo de este d\u00eda ha digitalizado la exposici\u00f3nla \u2018Orograf\u00eda del camino\u2019 del artista Manuel Outumuro (Orense, 1949), ganador en 2022 de los Premios Lucie, considerados como los \u2018Oscar\u2019 de la fotograf\u00eda. Quedar\u00e1 como exposici\u00f3n permanente.<\/p>   <p>Adem\u00e1s en estos momentos el Museo Boca del Calvari acoge la muestra\u2018Un mundo propio\u2019 del ilustrador alicantino Miguel Calatayud.<\/p>   <p>En Finestrat conmemoran la efem\u00e9ride entregando un detalle a quien visite su Museu y desde el Ayuntamiento se anima a la poblaci\u00f3n a descubrir las curiosidades de sus salas de etnolog\u00eda, los hallazgos arqueol\u00f3gicos, la copia de Saenia Abra, la exposici\u00f3n de Dibujo y Pintura o el enclave del Parc Font de Carr\u00e8.<\/p>   <p>El D\u00eda Internacional de los Museos se celebra para concienciar a las personas acerca de la relevancia de los museos como medio para el intercambio cultural. El tema para 2024 es \u00abMuseos para la Educaci\u00f3n y la Investigaci\u00f3n\u00bb, que pretende subrayar la importancia de los museos como instituciones educativas din\u00e1micas que fomentan el aprendizaje, el descubrimiento y la comprensi\u00f3n cultural.<\/p>   <p><p><strong>Sigue el canal de la SER en WhatsApp<\/strong><br \/>Encontrar\u00e1s toda la informaci\u00f3n, el deporte y el entretenimiento: la actualidad del d\u00eda y las noticias de \u00faltima hora, los mejores v\u00eddeos y momentos de la radio, entrevistas, reportajes y mucho m\u00e1s.<\/p><a href=\"https:\/\/www.whatsapp.com\/channel\/0029Va633PF9WtC4l7XUzh1e\" title=\"Suscr\u00edbete\">Suscr\u00edbete ahora<\/a><\/p> ","protected":false},"excerpt":{"rendered":"<p>Jornada de puertas abiertas en Vilamuseu, charlas en la Villa Romana del Albir y obsequios en el Boca del Calvari de Benidorm y Museu de Finestrat<\/p>\n","protected":false},"author":0,"featured_media":5173,"comment_status":"open","ping_status":"open","sticky":false,"template":"","format":"standard","meta":{"_acf_changed":false,"footnotes":""},"categories":[1],"tags":[],"class_list":["post-5172","post","type-post","status-publish","format-standard","has-post-thumbnail","hentry","category-sin-categoria"],"acf":{"ser_id":"3G65PEH37VDFZLJUJXZO4CLF6U","ser_url":"https:\/\/cadenaser.com\/comunitat-valenciana\/2024\/05\/17\/asi-se-celebra-el-dia-internacional-de-los-museos-en-la-marina-baixa-radio-benidorm\/"},"_links":{"self":[{"href":"https:\/\/serbenidorm.daliisolutions.com\/index.php\/wp-json\/wp\/v2\/posts\/5172","targetHints":{"allow":["GET"]}}],"collection":[{"href":"https:\/\/serbenidorm.daliisolutions.com\/index.php\/wp-json\/wp\/v2\/posts"}],"about":[{"href":"https:\/\/serbenidorm.daliisolutions.com\/index.php\/wp-json\/wp\/v2\/types\/post"}],"replies":[{"embeddable":true,"href":"https:\/\/serbenidorm.daliisolutions.com\/index.php\/wp-json\/wp\/v2\/comments?post=5172"}],"version-history":[{"count":0,"href":"https:\/\/serbenidorm.daliisolutions.com\/index.php\/wp-json\/wp\/v2\/posts\/5172\/revisions"}],"wp:featuredmedia":[{"embeddable":true,"href":"https:\/\/serbenidorm.daliisolutions.com\/index.php\/wp-json\/wp\/v2\/media\/5173"}],"wp:attachment":[{"href":"https:\/\/serbenidorm.daliisolutions.com\/index.php\/wp-json\/wp\/v2\/media?parent=5172"}],"wp:term":[{"taxonomy":"category","embeddable":true,"href":"https:\/\/serbenidorm.daliisolutions.com\/index.php\/wp-json\/wp\/v2\/categories?post=5172"},{"taxonomy":"post_tag","embeddable":true,"href":"https:\/\/serbenidorm.daliisolutions.com\/index.php\/wp-json\/wp\/v2\/tags?post=5172"}],"curies":[{"name":"wp","href":"https:\/\/api.w.org\/{rel}","templated":true}]}}