{"id":5176,"date":"2024-05-17T15:31:29","date_gmt":"2024-05-17T13:31:29","guid":{"rendered":"https:\/\/serbenidorm.daliisolutions.com\/index.php\/2024\/05\/17\/el-benidorm-dice-adios-a-la-lliga-comunitat-en-el-guillermo-amor\/"},"modified":"2024-05-17T15:31:29","modified_gmt":"2024-05-17T13:31:29","slug":"el-benidorm-dice-adios-a-la-lliga-comunitat-en-el-guillermo-amor","status":"publish","type":"post","link":"https:\/\/serbenidorm.daliisolutions.com\/index.php\/2024\/05\/17\/el-benidorm-dice-adios-a-la-lliga-comunitat-en-el-guillermo-amor\/","title":{"rendered":"El Benidorm dice adi\u00f3s a la Lliga Comunitat en el Guillermo Amor"},"content":{"rendered":"  <p>La Lliga Comunitat llega este fin de semana a su final despidiendo al <a href=\"https:\/\/cadenaser.com\/tag\/club_futbol_benidorm\/a\/\" target=\"_blank\" rel=\"noopener\">C.F. Benidorm<\/a>, que actuar\u00e1 como local en el Guillermo Amor por \u00faltima vez en la categor\u00eda despu\u00e9s de haber conseguido el ascenso a Tercera RFEF de manera matem\u00e1tica cuando todav\u00eda quedaban tres jornadas de competici\u00f3n.<\/p>   <p>La \u00faltima aparici\u00f3n del a\u00f1o en partido oficial de los de Miguel \u00c1ngel Mart\u00ednez estar\u00e1 precedida de la entrega del trofeo de campe\u00f3n, que podr\u00e1 ser ofrecido de esta manera a una afici\u00f3n que no ha hecho m\u00e1s que crecer a lo largo de la presente temporada.<\/p>  <p><p>M\u00e1s informaci\u00f3n<\/p><figure><img loading=\"lazy\" decoding=\"async\" src=\"https:\/\/cadenaser.com\/resizer\/v2\/FGJQXL45IVF77M4RVQLDK2YKCY.JPG?auth=6c82c3d80962f592408df91511e927476efa7b398434319821fe2c6c92b6dd83&amp;quality=70&amp;width=360&amp;height=202&amp;smart=true\" width=\"820\" height=\"621\" \/><\/figure><ul><li><a href=\"https:\/\/cadenaser.com\/comunitat-valenciana\/2024\/05\/16\/el-benidorm-pone-a-la-venta-las-entradas-para-su-partido-ante-el-valencia-radio-benidorm\/\"><span>El Benidorm pone a la venta las entradas para su partido ante el Valencia<\/span><\/a><\/li><\/ul><\/p>   <p>Frente al Benidorm formar\u00e1 el Callosa Deportiva, que llega a esta \u00faltima jornada ocupando la 15\u00aa posici\u00f3n de la clasificaci\u00f3n a tres puntos de la salvaci\u00f3n, que viene marcada por L\u2019Oller\u00eda. Por lo tanto, los callosinos tienen una m\u00ednima opci\u00f3n de salvaci\u00f3n que, en cualquier caso, pasa por sumar los tres puntos en el Guillermo Amor y esperar un tropiezo de L\u2019Oller\u00eda en casa del Thader.<\/p>   <p>Dado que est\u00e1 en juego la salvaci\u00f3n del equipo visitante, el partido de este domingo no se podr\u00e1 celebrar en el horario habitual del equipo de Benidorm, sino que se disputar\u00e1 en horario unificado a las seis de la tarde.<\/p>   <p><p><strong>Sigue el canal de la SER en WhatsApp<\/strong><br \/>Encontrar\u00e1s toda la informaci\u00f3n, el deporte y el entretenimiento: la actualidad del d\u00eda y las noticias de \u00faltima hora, los mejores v\u00eddeos y momentos de la radio, entrevistas, reportajes y mucho m\u00e1s.<\/p><a href=\"https:\/\/www.whatsapp.com\/channel\/0029Va633PF9WtC4l7XUzh1e\" title=\"Suscr\u00edbete\">Suscr\u00edbete ahora<\/a><\/p> ","protected":false},"excerpt":{"rendered":"<p>El equipo de la ciudad recibir\u00e1 el trofeo de campe\u00f3n antes del inicio del partido ante el Callosa Deportiva<\/p>\n","protected":false},"author":0,"featured_media":5177,"comment_status":"open","ping_status":"open","sticky":false,"template":"","format":"standard","meta":{"_acf_changed":false,"footnotes":""},"categories":[16],"tags":[],"class_list":["post-5176","post","type-post","status-publish","format-standard","has-post-thumbnail","hentry","category-deportes"],"acf":{"ser_id":"FSNKPWFE7JARVADLOTKK63ZQCA","ser_url":"https:\/\/cadenaser.com\/comunitat-valenciana\/2024\/05\/17\/el-benidorm-dice-adios-a-la-lliga-comunitat-en-el-guillermo-amor-radio-benidorm\/"},"_links":{"self":[{"href":"https:\/\/serbenidorm.daliisolutions.com\/index.php\/wp-json\/wp\/v2\/posts\/5176","targetHints":{"allow":["GET"]}}],"collection":[{"href":"https:\/\/serbenidorm.daliisolutions.com\/index.php\/wp-json\/wp\/v2\/posts"}],"about":[{"href":"https:\/\/serbenidorm.daliisolutions.com\/index.php\/wp-json\/wp\/v2\/types\/post"}],"replies":[{"embeddable":true,"href":"https:\/\/serbenidorm.daliisolutions.com\/index.php\/wp-json\/wp\/v2\/comments?post=5176"}],"version-history":[{"count":0,"href":"https:\/\/serbenidorm.daliisolutions.com\/index.php\/wp-json\/wp\/v2\/posts\/5176\/revisions"}],"wp:featuredmedia":[{"embeddable":true,"href":"https:\/\/serbenidorm.daliisolutions.com\/index.php\/wp-json\/wp\/v2\/media\/5177"}],"wp:attachment":[{"href":"https:\/\/serbenidorm.daliisolutions.com\/index.php\/wp-json\/wp\/v2\/media?parent=5176"}],"wp:term":[{"taxonomy":"category","embeddable":true,"href":"https:\/\/serbenidorm.daliisolutions.com\/index.php\/wp-json\/wp\/v2\/categories?post=5176"},{"taxonomy":"post_tag","embeddable":true,"href":"https:\/\/serbenidorm.daliisolutions.com\/index.php\/wp-json\/wp\/v2\/tags?post=5176"}],"curies":[{"name":"wp","href":"https:\/\/api.w.org\/{rel}","templated":true}]}}