{"id":5178,"date":"2024-05-17T15:31:30","date_gmt":"2024-05-17T13:31:30","guid":{"rendered":"https:\/\/serbenidorm.daliisolutions.com\/index.php\/2024\/05\/17\/el-tm-benidorm-se-despide-del-palau-buscando-un-hueco-en-el-top8\/"},"modified":"2024-05-17T15:31:30","modified_gmt":"2024-05-17T13:31:30","slug":"el-tm-benidorm-se-despide-del-palau-buscando-un-hueco-en-el-top8","status":"publish","type":"post","link":"https:\/\/serbenidorm.daliisolutions.com\/index.php\/2024\/05\/17\/el-tm-benidorm-se-despide-del-palau-buscando-un-hueco-en-el-top8\/","title":{"rendered":"El TM Benidorm se despide del Palau buscando un hueco en el Top8"},"content":{"rendered":"  <p>La <a href=\"https:\/\/cadenaser.com\/tag\/liga_asobal\/a\/\" target=\"_blank\" rel=\"noopener\">Liga Asobal<\/a> afronta este fin de semana su pen\u00faltima jornada en la que el TM Benidorm dar\u00e1 por cerrada su actuaci\u00f3n como local en la presente temporada midi\u00e9ndose el s\u00e1bado (19:30 horas) al Anaitasuna en un partido clave para mantener opciones, ya en la \u00faltima fecha, de meterse entre los ocho mejores clasificados y, con ello, evitar las rondas previas de la Copa del Rey la pr\u00f3xima temporada.<\/p>  <p><p>M\u00e1s informaci\u00f3n<\/p><figure><img loading=\"lazy\" decoding=\"async\" src=\"https:\/\/cadenaser.com\/resizer\/v2\/BM74FJWKTFDCXBH77RJBF6LRMM.JPG?auth=52c6a27e1e5a6cfeccbb58480a761b2fa115eb35e646e7019360103ab240a0f5&amp;quality=70&amp;width=360&amp;height=202&amp;smart=true\" width=\"820\" height=\"621\" \/><\/figure><ul><li><a href=\"https:\/\/cadenaser.com\/comunitat-valenciana\/2024\/05\/14\/jacobo-balongo-a-la-temporada-del-tm-benidorm-le-pongo-un-65-radio-benidorm\/\"><span>Jacobo Balongo: \u201cA la temporada del TM Benidorm le pongo un 6,5\u201d<\/span><\/a><\/li><\/ul><\/p>   <p>Frente al <a href=\"https:\/\/cadenaser.com\/tag\/club_balonmano_benidorm\/a\/\" target=\"_blank\" rel=\"noopener\">TM Benidorm<\/a>, un equipo navarro que ocupa actualmente la novena plaza con tres puntos de ventaja sobre los locales, que son d\u00e9cimos, por lo que sumar un triunfo ser\u00e1 fundamental para poder alcanzar ese objetivo confeso del Top8 habida cuenta de que el Huesca, noveno y tambi\u00e9n con tres puntos m\u00e1s que los benidormenses, se mide al Bar\u00e7a y, por lo tanto, es muy probable que termine la semana sin sumar.<\/p>   <p>El TM Benidorm llega a este partido <a href=\"https:\/\/cadenaser.com\/comunitat-valenciana\/2024\/03\/21\/el-tm-benidorm-se-impone-en-ibiza-y-ya-esta-en-tercera-ronda-de-copa-del-rey-radio-benidorm\/\" target=\"_blank\" rel=\"noopener\">tras encadenar tres partidos sin perder gracias a la victoria sobre Puente Genil en casa y los dos empates a domicilio cosechados frente a Cuenca y Nava<\/a>. Por su parte, el Anaitasuna presenta una racha un poco m\u00e1s irregular, tras vencer al Valladolid, caer en casa de Logro\u00f1o e imponerse a Puente Genil.<\/p>   <p><p><strong>Sigue el canal de la SER en WhatsApp<\/strong><br \/>Encontrar\u00e1s toda la informaci\u00f3n, el deporte y el entretenimiento: la actualidad del d\u00eda y las noticias de \u00faltima hora, los mejores v\u00eddeos y momentos de la radio, entrevistas, reportajes y mucho m\u00e1s.<\/p><a href=\"https:\/\/www.whatsapp.com\/channel\/0029Va633PF9WtC4l7XUzh1e\" title=\"Suscr\u00edbete\">Suscr\u00edbete ahora<\/a><\/p> ","protected":false},"excerpt":{"rendered":"<p>Los de Sergio Carballeira se miden a un Anaitasuna que aventaja a los benidormenses en tres puntos<\/p>\n","protected":false},"author":0,"featured_media":5179,"comment_status":"open","ping_status":"open","sticky":false,"template":"","format":"standard","meta":{"_acf_changed":false,"footnotes":""},"categories":[16],"tags":[],"class_list":["post-5178","post","type-post","status-publish","format-standard","has-post-thumbnail","hentry","category-deportes"],"acf":{"ser_id":"UHCQH7DR2RGSPGQKP77KXDDFPI","ser_url":"https:\/\/cadenaser.com\/comunitat-valenciana\/2024\/05\/17\/el-tm-benidorm-se-despide-del-palau-buscando-un-hueco-en-el-top8-radio-benidorm\/"},"_links":{"self":[{"href":"https:\/\/serbenidorm.daliisolutions.com\/index.php\/wp-json\/wp\/v2\/posts\/5178","targetHints":{"allow":["GET"]}}],"collection":[{"href":"https:\/\/serbenidorm.daliisolutions.com\/index.php\/wp-json\/wp\/v2\/posts"}],"about":[{"href":"https:\/\/serbenidorm.daliisolutions.com\/index.php\/wp-json\/wp\/v2\/types\/post"}],"replies":[{"embeddable":true,"href":"https:\/\/serbenidorm.daliisolutions.com\/index.php\/wp-json\/wp\/v2\/comments?post=5178"}],"version-history":[{"count":0,"href":"https:\/\/serbenidorm.daliisolutions.com\/index.php\/wp-json\/wp\/v2\/posts\/5178\/revisions"}],"wp:featuredmedia":[{"embeddable":true,"href":"https:\/\/serbenidorm.daliisolutions.com\/index.php\/wp-json\/wp\/v2\/media\/5179"}],"wp:attachment":[{"href":"https:\/\/serbenidorm.daliisolutions.com\/index.php\/wp-json\/wp\/v2\/media?parent=5178"}],"wp:term":[{"taxonomy":"category","embeddable":true,"href":"https:\/\/serbenidorm.daliisolutions.com\/index.php\/wp-json\/wp\/v2\/categories?post=5178"},{"taxonomy":"post_tag","embeddable":true,"href":"https:\/\/serbenidorm.daliisolutions.com\/index.php\/wp-json\/wp\/v2\/tags?post=5178"}],"curies":[{"name":"wp","href":"https:\/\/api.w.org\/{rel}","templated":true}]}}