{"id":5180,"date":"2024-05-17T15:31:32","date_gmt":"2024-05-17T13:31:32","guid":{"rendered":"https:\/\/serbenidorm.daliisolutions.com\/index.php\/2024\/05\/17\/el-sporting-la-nucia-viaja-a-mataro-en-el-primer-asalto-por-el-ascenso\/"},"modified":"2024-05-17T15:31:32","modified_gmt":"2024-05-17T13:31:32","slug":"el-sporting-la-nucia-viaja-a-mataro-en-el-primer-asalto-por-el-ascenso","status":"publish","type":"post","link":"https:\/\/serbenidorm.daliisolutions.com\/index.php\/2024\/05\/17\/el-sporting-la-nucia-viaja-a-mataro-en-el-primer-asalto-por-el-ascenso\/","title":{"rendered":"El Sporting La Nuc\u00eda viaja a Matar\u00f3 en el primer asalto por el ascenso"},"content":{"rendered":"  <p>Tras una fase regular de la competici\u00f3n casi perfecta, en la que s\u00f3lo un ligero baj\u00f3n de rendimiento en el tramo final (asegurada ya su presencia en el play-off por el ascenso) alej\u00f3 al Sporting La Nuc\u00eda del t\u00edtulo honor\u00edfico de campe\u00f3n de su grupo, los del Camilo Cano inician ahora el asalto al pase a la Segunda Divisi\u00f3n del f\u00fatbol sala nacional s\u00f3lo un a\u00f1o despu\u00e9s de haber obtenido el ascenso a la Segunda B.<\/p>   <p>De los 96 equipos que arrancaron la temporada el pasado mes de septiembre en los seis grupos de la competici\u00f3n, s\u00f3lo 24 han obtenido el pasaporte para esta fase decisiva y de ellos \u00fanicamente tres obtendr\u00e1n el gran premio final del ascenso.<\/p>   <p>El Sporting La Nuc\u00eda arranca este fin de semana su propio periplo midi\u00e9ndose al Matar\u00f3 (tercero en su mismo grupo durante la fase regular). Los nucieros disputar\u00e1n la ida de esta eliminatoria el s\u00e1bado (18:00 horas), lo que, al menos sobre el papel, les da una liger\u00edsima ventaja sobre los catalanes ya que el definitivo enfrentamiento de vuelta se celebrar\u00e1 en el Pabell\u00f3n Camilo Cano, pero eso ser\u00e1 el s\u00e1bado d\u00eda 25 de mayo (17:00 horas).<\/p>   <p>Antes de afrontar esta eliminatoria fundamental, Tobe, capit\u00e1n del conjunto rojillo y su compa\u00f1ero Dani Munuera, que se sum\u00f3 al proyecto el pasado mes de marzo, pasaron por los micr\u00f3fonos de SER Deportivos Marina Baixa para analizar las opciones del equipo y otros aspectos de la actualidad de la entidad.<\/p>   <p><p><strong>Sigue el canal de la SER en WhatsApp<\/strong><br \/>Encontrar\u00e1s toda la informaci\u00f3n, el deporte y el entretenimiento: la actualidad del d\u00eda y las noticias de \u00faltima hora, los mejores v\u00eddeos y momentos de la radio, entrevistas, reportajes y mucho m\u00e1s.<\/p><a href=\"https:\/\/www.whatsapp.com\/channel\/0029Va633PF9WtC4l7XUzh1e\" title=\"Suscr\u00edbete\">Suscr\u00edbete ahora<\/a><\/p> ","protected":false},"excerpt":{"rendered":"<p>Tobe y Dani Munuera analizaron las opciones del equipo del Camilo Cano en Matar\u00f3<\/p>\n","protected":false},"author":0,"featured_media":5181,"comment_status":"open","ping_status":"open","sticky":false,"template":"","format":"standard","meta":{"_acf_changed":false,"footnotes":""},"categories":[16],"tags":[],"class_list":["post-5180","post","type-post","status-publish","format-standard","has-post-thumbnail","hentry","category-deportes"],"acf":{"ser_id":"ORKGUY57BBCW5CUSQDMKGOR5LY","ser_url":"https:\/\/cadenaser.com\/comunitat-valenciana\/2024\/05\/17\/el-sporting-la-nucia-viaja-a-mataro-en-el-primer-asalto-por-el-ascenso-radio-benidorm\/"},"_links":{"self":[{"href":"https:\/\/serbenidorm.daliisolutions.com\/index.php\/wp-json\/wp\/v2\/posts\/5180","targetHints":{"allow":["GET"]}}],"collection":[{"href":"https:\/\/serbenidorm.daliisolutions.com\/index.php\/wp-json\/wp\/v2\/posts"}],"about":[{"href":"https:\/\/serbenidorm.daliisolutions.com\/index.php\/wp-json\/wp\/v2\/types\/post"}],"replies":[{"embeddable":true,"href":"https:\/\/serbenidorm.daliisolutions.com\/index.php\/wp-json\/wp\/v2\/comments?post=5180"}],"version-history":[{"count":0,"href":"https:\/\/serbenidorm.daliisolutions.com\/index.php\/wp-json\/wp\/v2\/posts\/5180\/revisions"}],"wp:featuredmedia":[{"embeddable":true,"href":"https:\/\/serbenidorm.daliisolutions.com\/index.php\/wp-json\/wp\/v2\/media\/5181"}],"wp:attachment":[{"href":"https:\/\/serbenidorm.daliisolutions.com\/index.php\/wp-json\/wp\/v2\/media?parent=5180"}],"wp:term":[{"taxonomy":"category","embeddable":true,"href":"https:\/\/serbenidorm.daliisolutions.com\/index.php\/wp-json\/wp\/v2\/categories?post=5180"},{"taxonomy":"post_tag","embeddable":true,"href":"https:\/\/serbenidorm.daliisolutions.com\/index.php\/wp-json\/wp\/v2\/tags?post=5180"}],"curies":[{"name":"wp","href":"https:\/\/api.w.org\/{rel}","templated":true}]}}