{"id":5182,"date":"2024-05-17T15:31:33","date_gmt":"2024-05-17T13:31:33","guid":{"rendered":"https:\/\/serbenidorm.daliisolutions.com\/index.php\/2024\/05\/17\/felipe-orts-retoma-la-actividad-en-el-btt-con-la-rioja-bike-race\/"},"modified":"2024-05-17T15:31:33","modified_gmt":"2024-05-17T13:31:33","slug":"felipe-orts-retoma-la-actividad-en-el-btt-con-la-rioja-bike-race","status":"publish","type":"post","link":"https:\/\/serbenidorm.daliisolutions.com\/index.php\/2024\/05\/17\/felipe-orts-retoma-la-actividad-en-el-btt-con-la-rioja-bike-race\/","title":{"rendered":"Felipe Orts retoma la actividad en el BTT con La Rioja Bike Race"},"content":{"rendered":"  <p>Tras arrancar la campa\u00f1a de gravel en Castell\u00f3n, <a href=\"https:\/\/cadenaser.com\/tag\/felipe_orts_lloret\/a\/\" target=\"_blank\" rel=\"noopener\">Felipe Orts<\/a> y La Vila Joiosa \u2013 N\u00e9teo regresan al mountain bike para disputar la exigente La Rioja Bike Race. Una prueba que contar\u00e1 con tres etapas donde el corredor alicantino buscar\u00e1 transformar en resultados las buenas sensaciones generadas durante toda la temporada.<\/p>   <p>La ronda riojana arrancar\u00e1 con una etapa contrarreloj de 20 kil\u00f3metros en un circuito de XCO con tramos t\u00e9cnicos en la Grajera. Ser\u00e1 trascendental iniciar la prueba con buenas sensaciones en un recorrido que se adapta bien a las caracter\u00edsticas de Felipe en un d\u00eda donde la lluvia puede jugar un papel determinante.<\/p>  <p><p>M\u00e1s informaci\u00f3n<\/p><figure><img loading=\"lazy\" decoding=\"async\" src=\"https:\/\/cadenaser.com\/resizer\/v2\/R3PRVDVMLVAXTICLXBFD56IBVY.JPG?auth=c4c2cdad88e48f02c1f31e69f925f246d98bf1337ad402e53e5f904d236a7181&amp;quality=70&amp;width=360&amp;height=202&amp;smart=true\" width=\"820\" height=\"621\" \/><\/figure><ul><li><a href=\"https:\/\/cadenaser.com\/tag\/felipe_orts_lloret\/a\/\"><span>Todas las noticias de Felipe Orts<\/span><\/a><\/li><\/ul><\/p>   <p>La jornada de m\u00e1s exigencia llegar\u00e1 en la segunda etapa, que presenta un recorrido de 77 kil\u00f3metros con dos subidas de gran entidad como son la ascensi\u00f3n a Luezas desde el Valle del Iregua, y Pe\u00f1a Aldera.<\/p>   <p>En una etapa de estas caracter\u00edsticas, se prev\u00e9n las primeras diferencias considerables de cara a la clasificaci\u00f3n general, donde el corredor de La Vila buscar\u00e1 pelear por los puestos punteros.<\/p>   <p>La Rioja Bike Race se despedir\u00e1 por todo lo alto en una jornada con salida y llegada en Logro\u00f1o. La carrera transitar\u00e1 por los espectaculares senderos que rodean Moncalvillo en una etapa que contar\u00e1 con varios descensos t\u00e9cnicos.<\/p>   <p><p><strong>Sigue el canal de la SER en WhatsApp<\/strong><br \/>Encontrar\u00e1s toda la informaci\u00f3n, el deporte y el entretenimiento: la actualidad del d\u00eda y las noticias de \u00faltima hora, los mejores v\u00eddeos y momentos de la radio, entrevistas, reportajes y mucho m\u00e1s.<\/p><a href=\"https:\/\/www.whatsapp.com\/channel\/0029Va633PF9WtC4l7XUzh1e\" title=\"Suscr\u00edbete\">Suscr\u00edbete ahora<\/a><\/p> ","protected":false},"excerpt":{"rendered":"<p>El ciclista vilero tratar\u00e1 de confirmar las buenas sensaciones que viene dando toda la temporada<\/p>\n","protected":false},"author":0,"featured_media":5183,"comment_status":"open","ping_status":"open","sticky":false,"template":"","format":"standard","meta":{"_acf_changed":false,"footnotes":""},"categories":[16],"tags":[],"class_list":["post-5182","post","type-post","status-publish","format-standard","has-post-thumbnail","hentry","category-deportes"],"acf":{"ser_id":"WREG6GF2QVBORBUNSMEOI6SZOA","ser_url":"https:\/\/cadenaser.com\/comunitat-valenciana\/2024\/05\/17\/felipe-orts-retoma-la-actividad-en-el-btt-con-la-rioja-bike-race-radio-benidorm\/"},"_links":{"self":[{"href":"https:\/\/serbenidorm.daliisolutions.com\/index.php\/wp-json\/wp\/v2\/posts\/5182","targetHints":{"allow":["GET"]}}],"collection":[{"href":"https:\/\/serbenidorm.daliisolutions.com\/index.php\/wp-json\/wp\/v2\/posts"}],"about":[{"href":"https:\/\/serbenidorm.daliisolutions.com\/index.php\/wp-json\/wp\/v2\/types\/post"}],"replies":[{"embeddable":true,"href":"https:\/\/serbenidorm.daliisolutions.com\/index.php\/wp-json\/wp\/v2\/comments?post=5182"}],"version-history":[{"count":0,"href":"https:\/\/serbenidorm.daliisolutions.com\/index.php\/wp-json\/wp\/v2\/posts\/5182\/revisions"}],"wp:featuredmedia":[{"embeddable":true,"href":"https:\/\/serbenidorm.daliisolutions.com\/index.php\/wp-json\/wp\/v2\/media\/5183"}],"wp:attachment":[{"href":"https:\/\/serbenidorm.daliisolutions.com\/index.php\/wp-json\/wp\/v2\/media?parent=5182"}],"wp:term":[{"taxonomy":"category","embeddable":true,"href":"https:\/\/serbenidorm.daliisolutions.com\/index.php\/wp-json\/wp\/v2\/categories?post=5182"},{"taxonomy":"post_tag","embeddable":true,"href":"https:\/\/serbenidorm.daliisolutions.com\/index.php\/wp-json\/wp\/v2\/tags?post=5182"}],"curies":[{"name":"wp","href":"https:\/\/api.w.org\/{rel}","templated":true}]}}