{"id":5195,"date":"2024-05-17T15:51:41","date_gmt":"2024-05-17T13:51:41","guid":{"rendered":"https:\/\/serbenidorm.daliisolutions.com\/index.php\/2024\/05\/17\/la-itv-de-benidorm-tiene-la-mayor-lista-de-espera-de-la-comunitat-valenciana-mas-de-tres-meses-para-conseguir-cita\/"},"modified":"2024-05-17T15:51:41","modified_gmt":"2024-05-17T13:51:41","slug":"la-itv-de-benidorm-tiene-la-mayor-lista-de-espera-de-la-comunitat-valenciana-mas-de-tres-meses-para-conseguir-cita","status":"publish","type":"post","link":"https:\/\/serbenidorm.daliisolutions.com\/index.php\/2024\/05\/17\/la-itv-de-benidorm-tiene-la-mayor-lista-de-espera-de-la-comunitat-valenciana-mas-de-tres-meses-para-conseguir-cita\/","title":{"rendered":"La ITV de Benidorm tiene la mayor lista de espera de la Comunitat Valenciana: m\u00e1s de tres meses para conseguir cita"},"content":{"rendered":"  <p>88 d\u00edas, casi tres meses, es la espera media de un usuario para conseguir cita previa en la Inspecci\u00f3n T\u00e9cnica de Veh\u00edculos (ITV) de Benidorm. <a href=\"https:\/\/cadenaser.com\/tag\/comarca_la_marina_baixa\/a\/\" target=\"_blank\" rel=\"noopener\">La estaci\u00f3n, que da servicio a toda la Marina Baixa, se convierte as\u00ed en la que m\u00e1s se tarda en conseguir cita de toda la Comunitat Valenciana<\/a>. En las \u00faltimas dos semanas la media de tiempo de espera de toda la provincia de Alicante es de 30 d\u00edas. En Alicante capital, por ejemplo, se esperan 24 para obtener turno, en Elche 25 y en otras como la de Santa Pola no llegan a la semana, solo cinco d\u00edas.<\/p>   <p>As\u00ed se desprende de los datos oficiales facilitados por la Conselleria de Industria, de la que depende la empresa p\u00fablica que la gestiona (SITVAL) a una pregunta parlamentaria realizada por la diputada auton\u00f3mica de Comprom\u00eds, M\u00f3nica \u00c0lvaro. Una situaci\u00f3n que no es nueva en una ITV, la de la capital tur\u00edstica, que lidera este ranking de espera muchos meses del a\u00f1o y en la que se grava la situaci\u00f3n durante el verano o la Semana Santa. <\/p>  <p><figure><img loading=\"lazy\" decoding=\"async\" src=\"https:\/\/cadenaser.com\/resizer\/v2\/FXQI42W5GNCZFHYYPAERXWDRQE.JPG?auth=79f193b5f109c1188c7f1e1e002bd3e4117bb2adbd8bebef095dbe1f501af427&amp;quality=70&amp;width=360&amp;height=202&amp;smart=true\" alt=\"&quot;Menuda estafa, no ten\u00e9is verg\u00fcenza&quot;: un usuario estalla en un v\u00eddeo en redes sociales al no poder conseguir cita con la ITV\" width=\"240\" height=\"135\" \/><\/figure><div><a href=\"https:\/\/cadenaser.com\/comunitat-valenciana\/2024\/05\/03\/menuda-estafa-no-teneis-verguenza-un-usuario-estalla-al-no-poder-conseguir-cita-con-la-itv-radio-valencia\/\">\u00abMenuda estafa, no ten\u00e9is verg\u00fcenza\u00bb: un usuario estalla en un v\u00eddeo en redes sociales al no poder conseguir cita con la ITV<\/a><p><\/p><\/div><\/p>   <p>Con el objetivo de revertir esta situaci\u00f3n, SITVAL ha incorporado a su presupuesto una partida de 700.000 euros para la creaci\u00f3n de una l\u00ednea que se sume a las tres ya existentes. Adem\u00e1s, el organismo ha aprobado esta misma semana una ampliaci\u00f3n de la plantilla en toda la Comunitat de 90 personas fijas y 250 temporales para refuerzo de verano de las que una parte sustancial, han asegurado fuentes de la Conselleria a <a href=\"https:\/\/cadenaser.com\/tag\/benidorm\/a\/\" target=\"_blank\" rel=\"noopener\">Radio Benidorm<\/a>, ir\u00e1n destinadas a la capital tur\u00edstica.<\/p>   <p>Sin embargo, el delegado de UGT en la estaci\u00f3n, Ximo Sanch\u00eds, desconoce cuando podr\u00e1 estar operativa: \u00abVeremos cuando se hace. De momento tenemos tres l\u00edneas y el parque de Ondara cuatro, sin embargo La Safor con un parque m\u00f3vil m\u00e1s peque\u00f1o tiene cinco en Gand\u00eda\u00bb, se lamenta. Unas estaciones que se han quedado \u00abmuy peque\u00f1as\u00bb para las Marinas Baixa y Alta, seg\u00fan Sanch\u00eds, porque las anteriores empresas concesionarias no quisieron hacer ninguna inversi\u00f3n o ampliaci\u00f3n al saber que dejar\u00edan de gestionarlas.<\/p>   <p>Cuidado con las webs fraudulentas que venden citas<\/p>   <p>El objetivo principal de la formaci\u00f3n valencianista en su pregunta parlamentaria a Industria era relativa, no obstante, a la existencia de diversas p\u00e1ginas web que ofrecen, previo pago, la obtenci\u00f3n de cita previa en las distintas estaciones de la ITV de la Comunitat Valenciana de manera fraudulenta.<\/p>   <p>En su respuesta, la Conselleria de Montes reconoce ser consciente de esa realidad ya que \u00abdurante la \u00faltima semana de marzo de 2024, la Sociedad Valenciana de Inspecci\u00f3n t\u00e9cnica de Veh\u00edculos (SITVAL) empez\u00f3 a recibir quejas a trav\u00e9s de sus formularios web de contacto por parte de clientes que afirmaban haber pagado por una cita que posteriormente no pudieron obtener\u00bb.<\/p>  <p><p class=\"tit\"><span>Hora 14 Benidorm (17\/05\/2024)<\/span><\/p> <p class=\"emb\"><iframe loading=\"lazy\" src=\"https:\/\/cadenaser.com\/embed\/audio\/460\/cadenaser_benidorm_hora14benidorm_20240517_141700_143000\/\" width=\"100%\" height=\"360\" frameborder=\"0\" allowfullscreen><\/iframe><\/p><\/p>   <p>Adem\u00e1s, a\u00f1aden que de manera paralela, \u00abel 25 de marzo de 2024 Sitval recibi\u00f3 un aviso del Instituto Nacional de Ciberseguridad (INCIBE) sobre una posible web fraudulenta\u00bb que operaba con la url <a href=\"http:\/\/www.sitval.net\" target=\"_blank\" rel=\"noopener\">www.sitval.net<\/a>. \u00abEn respuesta, SITVAL colabor\u00f3 para analizar la situaci\u00f3n y determinar si se trataba de un caso de suplantaci\u00f3n de identidad o fraude\u00bb para que posteriormente \u00abel Incibe\u00bb procediera a notificar a los alojadores de ese dominio para solicitar su eliminaci\u00f3n, \u00ablo cual se realiz\u00f3 el mismo d\u00eda 25\u00bb, afirman desde la Conselleria.<\/p>   <p>Adem\u00e1s, \u00abal mismo tiempo, SITVAL continu\u00f3 recopilando informaci\u00f3n y el 4 de abril de 2024 present\u00f3 una denuncia ante la comisar\u00eda de polic\u00eda nacional de Gandia\u00bb, consiguiendo que esa web referida quedara inoperativa el d\u00eda 10 de abril.<\/p>   <p>S\u00f3lo 24 horas despu\u00e9s, el 11 de abril, Sirval \u00abinici\u00f3 acciones para acabar con los subdominios restantes\u00bb que continuaban ofreciendo citas fraudulentas y \u00abse presentaron quejas formales contra la Agencia de Protecci\u00f3n de Datos. Adem\u00e1s, SITVAL implement\u00f3 avisos en su web oficial <a href=\"http:\/\/www.sitval.com\" target=\"_blank\" rel=\"noopener\">www.sitval.com<\/a> para alertar a los clientes sobre el presunto fraude\u00bb.<\/p>   <p>Pese a todo, una simple b\u00fasqueda en Google sigue ofreciendo hoy en d\u00eda resultados que incluyen diversas webs que, de manera fraudulenta, no s\u00f3lo ofrecen citas en diversas estaciones de la provincia de Alicante, sino que tambi\u00e9n lo hacen ofreciendo precios rebajados respecto a las tarifas oficiales.<\/p>   <p>As\u00ed pues, y para evitar v\u00edctima de cualquier tipo de estafa, cabe subrayar que la \u00fanica web oficial a trav\u00e9s de la cual SITVAL ofrece citas previas para la ITV es <a href=\"http:\/\/www.sitval.com\/\" target=\"_top\" rel=\"noopener\"><u>www.sitval.com<\/u><\/a><u> <\/u>as\u00ed como en el tel\u00e9fono 960882200.<\/p> ","protected":false},"excerpt":{"rendered":"<p>La empresa p\u00fablica que las gestiona tiene previsto ampliar la estaci\u00f3n, pero los sindicatos desconoce el plazo<\/p>\n","protected":false},"author":0,"featured_media":5196,"comment_status":"open","ping_status":"open","sticky":false,"template":"","format":"standard","meta":{"_acf_changed":false,"footnotes":""},"categories":[1],"tags":[],"class_list":["post-5195","post","type-post","status-publish","format-standard","has-post-thumbnail","hentry","category-sin-categoria"],"acf":{"ser_id":"PE36FILPCJC2FEURFXPROSUIQU","ser_url":"https:\/\/cadenaser.com\/comunitat-valenciana\/2024\/05\/17\/la-itv-de-benidorm-tiene-la-mayor-lista-de-espera-de-la-comunitat-valenciana-mas-de-tres-meses-para-conseguir-cita-radio-benidorm\/"},"_links":{"self":[{"href":"https:\/\/serbenidorm.daliisolutions.com\/index.php\/wp-json\/wp\/v2\/posts\/5195","targetHints":{"allow":["GET"]}}],"collection":[{"href":"https:\/\/serbenidorm.daliisolutions.com\/index.php\/wp-json\/wp\/v2\/posts"}],"about":[{"href":"https:\/\/serbenidorm.daliisolutions.com\/index.php\/wp-json\/wp\/v2\/types\/post"}],"replies":[{"embeddable":true,"href":"https:\/\/serbenidorm.daliisolutions.com\/index.php\/wp-json\/wp\/v2\/comments?post=5195"}],"version-history":[{"count":0,"href":"https:\/\/serbenidorm.daliisolutions.com\/index.php\/wp-json\/wp\/v2\/posts\/5195\/revisions"}],"wp:featuredmedia":[{"embeddable":true,"href":"https:\/\/serbenidorm.daliisolutions.com\/index.php\/wp-json\/wp\/v2\/media\/5196"}],"wp:attachment":[{"href":"https:\/\/serbenidorm.daliisolutions.com\/index.php\/wp-json\/wp\/v2\/media?parent=5195"}],"wp:term":[{"taxonomy":"category","embeddable":true,"href":"https:\/\/serbenidorm.daliisolutions.com\/index.php\/wp-json\/wp\/v2\/categories?post=5195"},{"taxonomy":"post_tag","embeddable":true,"href":"https:\/\/serbenidorm.daliisolutions.com\/index.php\/wp-json\/wp\/v2\/tags?post=5195"}],"curies":[{"name":"wp","href":"https:\/\/api.w.org\/{rel}","templated":true}]}}