{"id":5224,"date":"2024-05-19T07:02:12","date_gmt":"2024-05-19T05:02:12","guid":{"rendered":"https:\/\/serbenidorm.daliisolutions.com\/index.php\/2024\/05\/19\/el-desacierto-en-la-porteria-condena-al-tm-benidorm-ante-anaitasuna\/"},"modified":"2024-05-19T07:02:12","modified_gmt":"2024-05-19T05:02:12","slug":"el-desacierto-en-la-porteria-condena-al-tm-benidorm-ante-anaitasuna","status":"publish","type":"post","link":"https:\/\/serbenidorm.daliisolutions.com\/index.php\/2024\/05\/19\/el-desacierto-en-la-porteria-condena-al-tm-benidorm-ante-anaitasuna\/","title":{"rendered":"El desacierto en la porter\u00eda condena al TM Benidorm ante Anaitasuna"},"content":{"rendered":"  <p>Fue un s\u00e1bado de emociones en el Palau d\u2019Esports l\u2019Illa de Benidorm, con la despedida, por esta temporada, del <a href=\"https:\/\/cadenaser.com\/tag\/club_balonmano_benidorm\/a\/\" target=\"_blank\" rel=\"noopener\">TM Benidorm<\/a> de su afici\u00f3n y, estas ya definitivas, de \u2018Samu\u2019 Ib\u00e1\u00f1ez, Filip Vujovic y Santi Barcel\u00f3 como jugadores benidormenses. Adem\u00e1s, y este adi\u00f3s merece una menci\u00f3n muy especial, tambi\u00e9n fue el \u00faltimo partido en el banquillo de Pedro Mu\u00f1oz, eterno segundo entrenador de un equipo de balonmano al que lleg\u00f3 hace casi tres lustros, en Segunda Nacional, y del que ha sido testigo de cuatro ascensos y las diez temporadas en Liga Asobal que ya acumula en su historial.<\/p>   <p>Todos ellos, recibieron su merecido homenaje en los momentos previos a un choque contra Anaitasuna que acab\u00f3 cayendo el lado navarro por 37-40 dejando as\u00ed al Benidorm fuera de la pelea por acabar la competici\u00f3n, la pr\u00f3xima semana ante Granollers, entre los ocho mejores de la clasificaci\u00f3n.<\/p>  <p><p>M\u00e1s informaci\u00f3n<\/p><figure><img loading=\"lazy\" decoding=\"async\" src=\"https:\/\/cadenaser.com\/resizer\/v2\/BM74FJWKTFDCXBH77RJBF6LRMM.JPG?auth=52c6a27e1e5a6cfeccbb58480a761b2fa115eb35e646e7019360103ab240a0f5&amp;quality=70&amp;width=360&amp;height=202&amp;smart=true\" width=\"820\" height=\"621\" \/><\/figure><ul><li><a href=\"https:\/\/cadenaser.com\/tag\/club_balonmano_benidorm\/a\/\"><span>Todas las noticias del TM Benidorm<\/span><\/a><\/li><\/ul><\/p>   <p>Con la ausencia de hasta cinco jugadores, incluido el portero polaco Krystian Witkowski por lesi\u00f3n, el partido entre benidormenses y navarros arranc\u00f3 con el tradicional tanteo inicial, pero este apenas dur\u00f3 un par de minutos ya que los dos conjuntos, con el objetivo del top8 en el punto de mira, se lanzaron muy pronto a por el contrario.<\/p>   <p>Los primeros diez minutos (6-8) transcurrieron entre ataques muy r\u00e1pidos marcados, sobre todo, por las imprecisiones en ambos lados de la cancha. Anaitasuna, algo m\u00e1s acertado en los pases y de cara a porter\u00eda, obtuvo mayor premio pudiendo poner una ligera ventaja en el marcador.<\/p>   <p>Nacho Valles, director de orquesta y extensi\u00f3n sobre la cancha de Sergio Carballeira, no era capaz de encontrar el punto d\u00e9bil de un Anaitasuna que, sin hacer un juego brillante, parec\u00eda tener acorralados a los locales, obligando al t\u00e9cnico gallego a pedir un primer y muy temprano tiempo muerto en el minuto once del choque (6-9).<\/p>   <p>El movimiento funcion\u00f3, al menos, en parte. Con un juego algo m\u00e1s coral, el <a href=\"https:\/\/cadenaser.com\/tag\/club_balonmano_benidorm\/a\/\" target=\"_blank\" rel=\"noopener\">TM Benidorm<\/a> tapon\u00f3 la herida y aprovech\u00f3 un par de buenos ataques para llegar al minuto 15, de nuevo, metido en el partido (9-11).<\/p>   <p>En el otro lado de la cancha, en su \u00faltimo partido en el Palau, \u2018Samu\u2019 Ib\u00e1\u00f1ez no estaba teniendo su tarde. Con s\u00f3lo tres paradas en toda la primera mitad, daba la sensaci\u00f3n de que a poco que el cancerbero almassorino encontrara la inspiraci\u00f3n de otras tantas tardes, el TM Benidorm podr\u00eda comenzar a hacer da\u00f1o en las filas navarras.<\/p>  <p><p>M\u00e1s informaci\u00f3n<\/p><figure><img loading=\"lazy\" decoding=\"async\" src=\"https:\/\/cadenaser.com\/resizer\/v2\/BFXVGCEKSRBL7IN2NBS42I3XHM.JPG?auth=fc6f0dda81b29ac84c187865f35445da9f65640fd30dc63fe0f9187bc817891e&amp;quality=70&amp;width=360&amp;height=202&amp;smart=true\" width=\"820\" height=\"621\" \/><\/figure><ul><li><a href=\"https:\/\/cadenaser.com\/comunitat-valenciana\/2023\/09\/05\/todos-los-partidos-los-horarios-y-los-resultados-del-tm-benidorm-2023-2024-radio-benidorm\/\"><span>Todos los partidos, los horarios y los resultados del TM Benidorm 2023-2024<\/span><\/a><\/li><\/ul><\/p>   <p>Pero el cambio en la porter\u00eda lleg\u00f3 en el lado del Anaitasuna. Enrique Dom\u00ednguez sent\u00f3 en el banco a Juan Manuel Bar (con las mismas dos paradas que su antagonista benidormense hasta ese momento) dando entrada a un I\u00f1aki Mart\u00ednez que en s\u00f3lo diez minutos detuvo cuatro disparos haciendo llegar el partido, todav\u00eda muy abierto en su pron\u00f3stico, con un resultado de 19-20 al descanso.<\/p>   <p>Tras la reanudaci\u00f3n, las cosas no cambiaron sustancialmente, pero el TM Benidorm s\u00ed supo meterle una marcha m\u00e1s al partido y en apenas seis minutos le dio la vuelta al marcador obligando al entrenador navarro a pedir tiempo muerto con 25-23 en el luminoso.<\/p>   <p>En un partido tan igualado como el que estaban protagonizando benidormenses y navarros, cualquier cambio, por m\u00ednimo que fuese, pod\u00eda suponer una gran diferencia y ese tiempo muerto supuso, precisamente eso: el revulsivo que los pamplonicas precisaban.<\/p>   <p>Su reacci\u00f3n fue relativamente t\u00edmida pero sus acometidas sobre la porter\u00eda de un \u2018Samu\u2019 Ib\u00e1\u00f1ez que definitivamente no ten\u00eda su noche, permiti\u00f3 que los visitantes alcanzaran el ecuador de esa segunda mitad con empate a 31 en el marcador, lo que da buena muestra del gran acierto ofensivo del equipo local.<\/p>   <p>Y entonces sucedi\u00f3 lo impensable. Con \u2018Samu\u2019 visiblemente tocado en lo an\u00edmico, a Sergio Carballeira no le qued\u00f3 otra que dar salida a la cancha al jovenc\u00edsimo Miquel Alvado buscando, al menos, una reacci\u00f3n que no supusiera que el TM Benidorm se quedara fuera del partido a poco que se fallaran dos ataques seguidos.<\/p>   <p>Con el hombre de la cantera bajo los palos y con 33-34 en el marcador comenzaron los diez minutos que iban a decidir todo el asunto. Tambi\u00e9n Enrique Dom\u00ednguez movi\u00f3 su porter\u00eda, volviendo a dar entrada a Juan Manuel Bar que, ahora s\u00ed, \u2018rompi\u00f3 a parar\u2019 y permiti\u00f3 que Anaitasuna, en un final nada brillante por otra parte, acabara haci\u00e9ndose con el triunfo por ese resultado final de 37-40.<\/p>   <p><p><strong>Sigue el canal de la SER en WhatsApp<\/strong><br \/>Encontrar\u00e1s toda la informaci\u00f3n, el deporte y el entretenimiento: la actualidad del d\u00eda y las noticias de \u00faltima hora, los mejores v\u00eddeos y momentos de la radio, entrevistas, reportajes y mucho m\u00e1s.<\/p><a href=\"https:\/\/www.whatsapp.com\/channel\/0029Va633PF9WtC4l7XUzh1e\" title=\"Suscr\u00edbete\">Suscr\u00edbete ahora<\/a><\/p> ","protected":false},"excerpt":{"rendered":"<p>La Liga Asobal llegar\u00e1 la pr\u00f3xima semana a su fin con los benidormenses visitando al Granollers<\/p>\n","protected":false},"author":0,"featured_media":5225,"comment_status":"open","ping_status":"open","sticky":false,"template":"","format":"standard","meta":{"_acf_changed":false,"footnotes":""},"categories":[16],"tags":[],"class_list":["post-5224","post","type-post","status-publish","format-standard","has-post-thumbnail","hentry","category-deportes"],"acf":{"ser_id":"OEAXUVAEFRHDPAYHZKKO5F3L5M","ser_url":"https:\/\/cadenaser.com\/comunitat-valenciana\/2024\/05\/18\/el-desacierto-en-la-poteria-condena-al-tm-benidorm-ante-anaitasuna-radio-benidorm\/"},"_links":{"self":[{"href":"https:\/\/serbenidorm.daliisolutions.com\/index.php\/wp-json\/wp\/v2\/posts\/5224","targetHints":{"allow":["GET"]}}],"collection":[{"href":"https:\/\/serbenidorm.daliisolutions.com\/index.php\/wp-json\/wp\/v2\/posts"}],"about":[{"href":"https:\/\/serbenidorm.daliisolutions.com\/index.php\/wp-json\/wp\/v2\/types\/post"}],"replies":[{"embeddable":true,"href":"https:\/\/serbenidorm.daliisolutions.com\/index.php\/wp-json\/wp\/v2\/comments?post=5224"}],"version-history":[{"count":0,"href":"https:\/\/serbenidorm.daliisolutions.com\/index.php\/wp-json\/wp\/v2\/posts\/5224\/revisions"}],"wp:featuredmedia":[{"embeddable":true,"href":"https:\/\/serbenidorm.daliisolutions.com\/index.php\/wp-json\/wp\/v2\/media\/5225"}],"wp:attachment":[{"href":"https:\/\/serbenidorm.daliisolutions.com\/index.php\/wp-json\/wp\/v2\/media?parent=5224"}],"wp:term":[{"taxonomy":"category","embeddable":true,"href":"https:\/\/serbenidorm.daliisolutions.com\/index.php\/wp-json\/wp\/v2\/categories?post=5224"},{"taxonomy":"post_tag","embeddable":true,"href":"https:\/\/serbenidorm.daliisolutions.com\/index.php\/wp-json\/wp\/v2\/tags?post=5224"}],"curies":[{"name":"wp","href":"https:\/\/api.w.org\/{rel}","templated":true}]}}