{"id":5235,"date":"2024-05-19T16:06:55","date_gmt":"2024-05-19T14:06:55","guid":{"rendered":"https:\/\/serbenidorm.daliisolutions.com\/index.php\/2024\/05\/19\/prision-para-una-mujer-detenida-en-benidorm-buscada-por-las-autoridades-belgas-por-trafico-de-drogas\/"},"modified":"2024-05-19T16:06:55","modified_gmt":"2024-05-19T14:06:55","slug":"prision-para-una-mujer-detenida-en-benidorm-buscada-por-las-autoridades-belgas-por-trafico-de-drogas","status":"publish","type":"post","link":"https:\/\/serbenidorm.daliisolutions.com\/index.php\/2024\/05\/19\/prision-para-una-mujer-detenida-en-benidorm-buscada-por-las-autoridades-belgas-por-trafico-de-drogas\/","title":{"rendered":"Prisi\u00f3n para una mujer detenida en Benidorm buscada por las autoridades belgas por tr\u00e1fico de drogas"},"content":{"rendered":"  <p>Agentes de la Polic\u00eda Nacional han detenido en la localidad de Benidorm a una mujer sobre la que pesaba una Orden Europea de Detenci\u00f3n para Extradici\u00f3n, dictada por las autoridades de B\u00e9lgica desde el a\u00f1o 2022 por un delito de tr\u00e1fico de drogas. El juez ha decretado su ingreso en prisi\u00f3n.<\/p>   <p>La detenci\u00f3n se produjo cuando la arrestada requiri\u00f3 asistencia policial por haber tenido un altercado con otra persona, en el que result\u00f3 lesionada levemente, seg\u00fan ha detallado la Polic\u00eda Nacional en un comunicado.<\/p>   <p>Los polic\u00edas trasladaron a la mujer a un centro m\u00e9dico para recibir asistencia sanitaria y, posteriormente, la trasladaron a las dependencias policiales para iniciar los tr\u00e1mites de la denuncia. Tras identificar a la mujer, quien no portaba ning\u00fan tipo de documentaci\u00f3n, los agentes comprobaron que le constaba una reclamaci\u00f3n judicial europea al haber sido condenada a cinco a\u00f1os de prisi\u00f3n por las autoridades judiciales de B\u00e9lgica.<\/p>   <p>La mujer, de nacionalidad belga y de 58 a\u00f1os, fue puesta a disposici\u00f3n del Juzgado de Instrucci\u00f3n de Guardia de Benidorm, quien a instancias del Juzgado Central de Instrucci\u00f3n decret\u00f3 su inmediato ingreso en prisi\u00f3n.<\/p>   <p><p><strong>Sigue el canal de la SER en WhatsApp<\/strong><br \/>Encontrar\u00e1s toda la informaci\u00f3n, el deporte y el entretenimiento: la actualidad del d\u00eda y las noticias de \u00faltima hora, los mejores v\u00eddeos y momentos de la radio, entrevistas, reportajes y mucho m\u00e1s.<\/p><a href=\"https:\/\/www.whatsapp.com\/channel\/0029Va633PF9WtC4l7XUzh1e\" title=\"Suscr\u00edbete\">Suscr\u00edbete ahora<\/a><\/p> ","protected":false},"excerpt":{"rendered":"<p>Los agentes comprobaron que le constaba una reclamaci\u00f3n judicial europea al haber sido condenada a cinco a\u00f1os de prisi\u00f3n por las autoridades judiciales de B\u00e9lgica<\/p>\n","protected":false},"author":0,"featured_media":5236,"comment_status":"open","ping_status":"open","sticky":false,"template":"","format":"standard","meta":{"_acf_changed":false,"footnotes":""},"categories":[1],"tags":[],"class_list":["post-5235","post","type-post","status-publish","format-standard","has-post-thumbnail","hentry","category-sin-categoria"],"acf":{"ser_id":"NANIR65R5FCMNCQMQCDXHJJTCI","ser_url":"https:\/\/cadenaser.com\/comunitat-valenciana\/2024\/05\/19\/prision-para-una-mujer-detenida-en-benidorm-buscada-por-las-autoridades-belgas-por-trafico-de-drogas-radio-alicante\/"},"_links":{"self":[{"href":"https:\/\/serbenidorm.daliisolutions.com\/index.php\/wp-json\/wp\/v2\/posts\/5235","targetHints":{"allow":["GET"]}}],"collection":[{"href":"https:\/\/serbenidorm.daliisolutions.com\/index.php\/wp-json\/wp\/v2\/posts"}],"about":[{"href":"https:\/\/serbenidorm.daliisolutions.com\/index.php\/wp-json\/wp\/v2\/types\/post"}],"replies":[{"embeddable":true,"href":"https:\/\/serbenidorm.daliisolutions.com\/index.php\/wp-json\/wp\/v2\/comments?post=5235"}],"version-history":[{"count":0,"href":"https:\/\/serbenidorm.daliisolutions.com\/index.php\/wp-json\/wp\/v2\/posts\/5235\/revisions"}],"wp:featuredmedia":[{"embeddable":true,"href":"https:\/\/serbenidorm.daliisolutions.com\/index.php\/wp-json\/wp\/v2\/media\/5236"}],"wp:attachment":[{"href":"https:\/\/serbenidorm.daliisolutions.com\/index.php\/wp-json\/wp\/v2\/media?parent=5235"}],"wp:term":[{"taxonomy":"category","embeddable":true,"href":"https:\/\/serbenidorm.daliisolutions.com\/index.php\/wp-json\/wp\/v2\/categories?post=5235"},{"taxonomy":"post_tag","embeddable":true,"href":"https:\/\/serbenidorm.daliisolutions.com\/index.php\/wp-json\/wp\/v2\/tags?post=5235"}],"curies":[{"name":"wp","href":"https:\/\/api.w.org\/{rel}","templated":true}]}}