{"id":5250,"date":"2024-05-20T11:00:31","date_gmt":"2024-05-20T09:00:31","guid":{"rendered":"https:\/\/serbenidorm.daliisolutions.com\/index.php\/2024\/05\/20\/benidorm-acoge-los-primeros-cursos-sobre-inteligencia-artificial-para-empresas-de-turisme-comunitat-valenciana\/"},"modified":"2024-05-20T11:00:31","modified_gmt":"2024-05-20T09:00:31","slug":"benidorm-acoge-los-primeros-cursos-sobre-inteligencia-artificial-para-empresas-de-turisme-comunitat-valenciana","status":"publish","type":"post","link":"https:\/\/serbenidorm.daliisolutions.com\/index.php\/2024\/05\/20\/benidorm-acoge-los-primeros-cursos-sobre-inteligencia-artificial-para-empresas-de-turisme-comunitat-valenciana\/","title":{"rendered":"Benidorm acoge los primeros cursos sobre inteligencia artificial para empresas de Turisme Comunitat Valenciana"},"content":{"rendered":"  <p>Turisme Comunitat Valenciana, a trav\u00e9s de Invat\u00b7tur y de la Red de Centros de Turismo (CdT), han puesto en marcha un ciclo de cursos en materia de inteligencia artificial (IA) aplicada a la gesti\u00f3n tur\u00edstica, dirigido a empresas y destinos tur\u00edsticos de las tres provincias de la Comunitat Valenciana.<\/p>   <p>En concreto, se trata de sesiones formativas de car\u00e1cter presencial, con una duraci\u00f3n de 9 horas repartidas en tres d\u00edas consecutivos y que se impartir\u00e1n en horario de ma\u00f1ana, de 9.30 a 12.30 horas, en los distintos centros de Turisme.<\/p>   <p><a href=\"https:\/\/cadenaser.com\/tag\/benidorm\/a\/\" target=\"_blank\" rel=\"noopener\">El ciclo, totalmente gratuito, se iniciar\u00e1 en Benidorm del 21 al 23 de mayo y tendr\u00e1 lugar en el Invat\u00b7tur<\/a>, le seguir\u00e1 el CdT de Castell\u00f3n que acoger\u00e1 el curso del 28 al 30 de mayo; el CdT de Val\u00e8ncia del 4 al 6 de junio y el CdT de Alicante del 11 al 13 de junio.<\/p>  <p><p>M\u00e1s informaci\u00f3n<\/p><figure><img loading=\"lazy\" decoding=\"async\" src=\"https:\/\/cadenaser.com\/resizer\/v2\/JHT62OZYGREZFBEIDXAXYLGZV4.jpeg?auth=ac8d9d473d01a4a37f80dca43ce0f62da599357c8e116b296a19011193f3357e&amp;quality=70&amp;width=360&amp;height=202&amp;smart=true\" width=\"820\" height=\"621\" \/><\/figure><ul><li><a href=\"https:\/\/cadenaser.com\/comunitat-valenciana\/2024\/05\/17\/la-itv-de-benidorm-tiene-la-mayor-lista-de-espera-de-la-comunitat-valenciana-mas-de-tres-meses-para-conseguir-cita-radio-benidorm\/\"><span>La ITV de Benidorm tiene la mayor lista de espera de la Comunitat Valenciana: m\u00e1s de tres meses para conseguir cita<\/span><\/a><\/li><\/ul><\/p>   <p>La consellera de Innovaci\u00f3n, Industria, Comercio y Turismo, Nuria Montes, ha avanzado que \u201cest\u00e1 prevista la asistencia a estos cursos de m\u00e1s de 300 profesionales del sector, entre t\u00e9cnicos y gestores de destinos y empresas tur\u00edsticas\u201d.<\/p>   <p>En esta l\u00ednea, ha agradecido la gran aceptaci\u00f3n de esta iniciativa formativa impulsada desde la Generalitat, y ha se\u00f1alado que \u201cel sector del turismo de la Comunitat Valenciana es un sector proactivo, consciente de que la tecnolog\u00eda evoluciona a un ritmo pr\u00e1cticamente impredecible y que la inteligencia artificial ha venido para reforzar las tareas de gesti\u00f3n tur\u00edstica\u201d.<\/p>   <p>Cursos ya completos<\/p>   <p>De ah\u00ed que muchos de los cursos ya han llegado a su aforo m\u00e1ximo de inscripciones, como el caso de Benidorm y Val\u00e8ncia. La solicitud para el resto de sesiones sigue abierta a trav\u00e9s de este enlace y de la p\u00e1gina web de Invat\u00b7tur.<\/p>   <p>Nuria Montes ha destacado que \u201cla capacitaci\u00f3n de personal t\u00e9cnico de empresas y destinos de la Comunitat Valenciana en materia de inteligencia artificial es uno de los principales retos del actual Consell de cara a este a\u00f1o 2024\u201d.<\/p>   <p>Es por ello por lo que, a su juicio, se considera necesario el desarrollo de este ciclo formativo especializado, que \u201cpermitir\u00e1 facilitar la adopci\u00f3n de soluciones tecnol\u00f3gicas y de su integraci\u00f3n en las estrategias del sector\u201d, ha a\u00f1adido Montes.<\/p>   <p>Para la titular de Turisme \u201ces fundamental avanzar como destino en la respuesta que requiere la irrupci\u00f3n de la inteligencia artificial en el turismo\u201d; y ha hecho hincapi\u00e9 en que \u201cla IA ha venido para reforzar las tareas de gesti\u00f3n de informaci\u00f3n y generaci\u00f3n de conocimiento de las empresas y destinos tur\u00edsticos\u201d.<\/p>   <p>Por \u00faltimo, la consellera ha subrayado algunos ejemplos de su aplicaci\u00f3n al \u00e1mbito tur\u00edstico, incidiendo en que permite consultar informaci\u00f3n y contenidos digitales de forma sencilla, \u00fatil e instant\u00e1nea; as\u00ed como conocer las necesidades e intereses de los turistas para personalizar y mejorar la experiencia en las diferentes fases del viaje, o reforzar los servicios de atenci\u00f3n e informaci\u00f3n tur\u00edstica, mejorando y adaptando la comunicaci\u00f3n.<\/p> ","protected":false},"excerpt":{"rendered":"<p>En el Invat\u00b7tur de martes a jueves<\/p>\n","protected":false},"author":0,"featured_media":5251,"comment_status":"open","ping_status":"open","sticky":false,"template":"","format":"standard","meta":{"_acf_changed":false,"footnotes":""},"categories":[1],"tags":[],"class_list":["post-5250","post","type-post","status-publish","format-standard","has-post-thumbnail","hentry","category-sin-categoria"],"acf":{"ser_id":"HAJWR2G55RDNXDOAL674GSSRZE","ser_url":"https:\/\/cadenaser.com\/comunitat-valenciana\/2024\/05\/20\/benidorm-acoge-los-cursos-sobre-inteligencia-artificial-para-empresas-de-turisme-comunitat-valenciana-radio-benidorm\/"},"_links":{"self":[{"href":"https:\/\/serbenidorm.daliisolutions.com\/index.php\/wp-json\/wp\/v2\/posts\/5250","targetHints":{"allow":["GET"]}}],"collection":[{"href":"https:\/\/serbenidorm.daliisolutions.com\/index.php\/wp-json\/wp\/v2\/posts"}],"about":[{"href":"https:\/\/serbenidorm.daliisolutions.com\/index.php\/wp-json\/wp\/v2\/types\/post"}],"replies":[{"embeddable":true,"href":"https:\/\/serbenidorm.daliisolutions.com\/index.php\/wp-json\/wp\/v2\/comments?post=5250"}],"version-history":[{"count":0,"href":"https:\/\/serbenidorm.daliisolutions.com\/index.php\/wp-json\/wp\/v2\/posts\/5250\/revisions"}],"wp:featuredmedia":[{"embeddable":true,"href":"https:\/\/serbenidorm.daliisolutions.com\/index.php\/wp-json\/wp\/v2\/media\/5251"}],"wp:attachment":[{"href":"https:\/\/serbenidorm.daliisolutions.com\/index.php\/wp-json\/wp\/v2\/media?parent=5250"}],"wp:term":[{"taxonomy":"category","embeddable":true,"href":"https:\/\/serbenidorm.daliisolutions.com\/index.php\/wp-json\/wp\/v2\/categories?post=5250"},{"taxonomy":"post_tag","embeddable":true,"href":"https:\/\/serbenidorm.daliisolutions.com\/index.php\/wp-json\/wp\/v2\/tags?post=5250"}],"curies":[{"name":"wp","href":"https:\/\/api.w.org\/{rel}","templated":true}]}}