{"id":5252,"date":"2024-05-20T12:20:19","date_gmt":"2024-05-20T10:20:19","guid":{"rendered":"https:\/\/serbenidorm.daliisolutions.com\/index.php\/2024\/05\/20\/retiran-500-kilos-de-redes-de-pesca-en-el-parque-natural-de-serra-gelada\/"},"modified":"2024-05-20T12:20:19","modified_gmt":"2024-05-20T10:20:19","slug":"retiran-500-kilos-de-redes-de-pesca-en-el-parque-natural-de-serra-gelada","status":"publish","type":"post","link":"https:\/\/serbenidorm.daliisolutions.com\/index.php\/2024\/05\/20\/retiran-500-kilos-de-redes-de-pesca-en-el-parque-natural-de-serra-gelada\/","title":{"rendered":"Retiran 500 kilos de redes de pesca en el Parque Natural de Serra Gelada"},"content":{"rendered":"  <p>Una iniciativa de la Conselleria de Medio Ambiente, Agua, Infraestructuras y Territorio ha permitido la retirada de 500 kilogramos de redes y restos de cabos en el \u00e1mbito marino del Parque Natural de Serra Gelada<\/p>   <p>Con esta actuaci\u00f3n se quiere contribuir a la mejora ambiental de este espacio natural protegido mediante la colaboraci\u00f3n entre distintos colectivos como pescadores y centros de buceo, as\u00ed como instituciones relacionadas con la conservaci\u00f3n del medio marino.<\/p>   <p>Estos trabajos, que se enmarcan en un proyecto que permite la retirada de artes de pesca perdidos o abandonados para la restauraci\u00f3n de ecosistemas afectados en toda la Comunitat Valenciana, consisten en <a href=\"https:\/\/cadenaser.com\/tag\/benidorm\/a\/\" target=\"_blank\" rel=\"noopener\">trabajos submarinos que se han desarrollado en la Zona Especial de Protecci\u00f3n del Islote de Benidorm<\/a>.<\/p>   <p>Para estas inmersiones, la Conselleria de Medio Ambiente ha contado con el equipo de Guardacostas de la Generalitat, as\u00ed como de un equipo integrado de buceadores profesionales-cient\u00edficos de la Fundaci\u00f3n Oceanogr\u00e0fic, que cuenta con el apoyo de la Conselleria de Agricultura, Ganader\u00eda y Pesca.<\/p>  <p><p>M\u00e1s informaci\u00f3n<\/p><figure><img loading=\"lazy\" decoding=\"async\" src=\"https:\/\/cadenaser.com\/resizer\/v2\/727N2BJZZZGXXFAFIFWVI5NSPY.jpeg?auth=7b41eec66b3b9f3a0a54f3133cd80cd71b0d3c22f9a455f086f5c8bc129e9f18&amp;quality=70&amp;width=360&amp;height=202&amp;smart=true\" width=\"820\" height=\"621\" \/><\/figure><ul><li><a href=\"https:\/\/cadenaser.com\/comunitat-valenciana\/2024\/05\/15\/la-policia-local-de-benidorm-encuentra-una-mochila-con-veinte-kilos-de-cocaina-flotando-en-la-playa-de-poniente-radio-benidorm\/\"><span>La Polic\u00eda Local de Benidorm encuentra una mochila con veinte kilos de coca\u00edna flotando en la playa de Poniente<\/span><\/a><\/li><\/ul><\/p>   <p>Adem\u00e1s de los trabajos de retirada de artes de pesca perdidos o abandonados, tambi\u00e9n forma parte de este proyecto el estudio del impacto de las \u2018basuras marinas\u2019 sobre la zona afectada y la posterior recuperaci\u00f3n tras su retirada.<\/p>   <p>Actuaciones concretas<\/p>   <p>Por un lado, se han retirado restos de redes, cabos, sedales, plomos, anclas y cadenas, que hab\u00edan quedado enganchados en los anclajes de los sistemas de fondeo que hay instalados en esta zona.<\/p>  <p><figure><img loading=\"lazy\" decoding=\"async\" src=\"https:\/\/cadenaser.com\/resizer\/v2\/XEWWKUG4TFCSHGNJHKJOPB4EPE.jpeg?auth=bb2c0d91ff7dc4206a72b55260dbf9ef249325574c6532752124e677ba2ec2c7&amp;quality=70&amp;width=650&amp;height=487&amp;smart=true\" width=\"4\" height=\"3\" \/><\/figure><button class=\"bt-am\">Ampliar<\/button><\/p>   <p>Adem\u00e1s de haber detectado algunos peces y rayas enganchados en estos restos, el rozamiento que estaban produciendo sobre el fondo, afectaba a una poblaci\u00f3n de algas rojas calc\u00e1reas (ma\u00ebrl) de gran valor ecol\u00f3gico y poco frecuente en el Mediterr\u00e1neo que est\u00e1 protegida tanto por la regulaci\u00f3n medioambiental y del parque natural como por la normativa pesquera vigente en la Comunitat Valenciana.<\/p>   <p>Por otra parte, en el lugar donde se ha intervenido, a 30 metros de profundidad cerca del islote de Benidorm, los restos retirados cubr\u00edan un arrecife rocoso en el que existe una peque\u00f1a poblaci\u00f3n de corales gorgonias que no se ha visto afectada pero que, gracias a esta intervenci\u00f3n, ha recuperado las condiciones naturales en poco tiempo.<\/p>   <p>Durante la \u00faltima fase de retirada en esta zona, se ha encontrado un caballito de mar de la especie <i>Hippocampus guttulatus<\/i> que hab\u00eda quedado atrapado entre los restos. El ejemplar ha sido trasladado al \u00c1rea de Recuperaci\u00f3n y Conservaci\u00f3n de Animales del Mar (ARCA) de la Fundaci\u00f3n Oceanogr\u00e1fic para su evaluaci\u00f3n y recuperaci\u00f3n, antes de su liberaci\u00f3n de nuevo en el mismo enclave donde se encontr\u00f3.<\/p>   <p>Para el seguimiento ambiental adecuado, el equipo de Guardacostas dispone de tecnolog\u00eda para monitorizar los fondos marinos (ROV Submarino), lo que permite, adem\u00e1s de la localizaci\u00f3n de artes de pesca abandonados o ilegales, el seguimiento y monitorizaci\u00f3n de especies de especial conservaci\u00f3n como las praderas de Posidonia oce\u00e1nica existentes en el parque natural.<\/p>   <p>Por su parte, el equipo de la Fundaci\u00f3n Oceanogr\u00e1fic lleva a cabo la evaluaci\u00f3n y monitorizaci\u00f3n de las zonas afectadas por artes perdidos de forma previa y la retirada de la red. Esta monitorizaci\u00f3n se basa en la valoraci\u00f3n detallada de las especies que est\u00e1n atrapadas en los aparejos de pesca, el desarrollo de la metodolog\u00eda para la retirada de las redes sin causar un da\u00f1o a los organismos, sobre todo estrellas, erizos de mar o los corales gorgonia, que pueden vivir en contacto con las redes, as\u00ed como el estudio de la biodiversidad existente tras la extracci\u00f3n.<\/p> ","protected":false},"excerpt":{"rendered":"<p>Los trabajos se han desarrollado en la Zona Especial de Protecci\u00f3n del Islote de Benidorm<\/p>\n","protected":false},"author":0,"featured_media":5253,"comment_status":"open","ping_status":"open","sticky":false,"template":"","format":"standard","meta":{"_acf_changed":false,"footnotes":""},"categories":[1],"tags":[],"class_list":["post-5252","post","type-post","status-publish","format-standard","has-post-thumbnail","hentry","category-sin-categoria"],"acf":{"ser_id":"WFES2Z7JIVD5ZAJOYWMQRIVJTU","ser_url":"https:\/\/cadenaser.com\/comunitat-valenciana\/2024\/05\/20\/retiran-500-kilos-de-redes-de-pesca-en-el-parque-natural-de-serra-gelada-radio-benidorm\/"},"_links":{"self":[{"href":"https:\/\/serbenidorm.daliisolutions.com\/index.php\/wp-json\/wp\/v2\/posts\/5252","targetHints":{"allow":["GET"]}}],"collection":[{"href":"https:\/\/serbenidorm.daliisolutions.com\/index.php\/wp-json\/wp\/v2\/posts"}],"about":[{"href":"https:\/\/serbenidorm.daliisolutions.com\/index.php\/wp-json\/wp\/v2\/types\/post"}],"replies":[{"embeddable":true,"href":"https:\/\/serbenidorm.daliisolutions.com\/index.php\/wp-json\/wp\/v2\/comments?post=5252"}],"version-history":[{"count":0,"href":"https:\/\/serbenidorm.daliisolutions.com\/index.php\/wp-json\/wp\/v2\/posts\/5252\/revisions"}],"wp:featuredmedia":[{"embeddable":true,"href":"https:\/\/serbenidorm.daliisolutions.com\/index.php\/wp-json\/wp\/v2\/media\/5253"}],"wp:attachment":[{"href":"https:\/\/serbenidorm.daliisolutions.com\/index.php\/wp-json\/wp\/v2\/media?parent=5252"}],"wp:term":[{"taxonomy":"category","embeddable":true,"href":"https:\/\/serbenidorm.daliisolutions.com\/index.php\/wp-json\/wp\/v2\/categories?post=5252"},{"taxonomy":"post_tag","embeddable":true,"href":"https:\/\/serbenidorm.daliisolutions.com\/index.php\/wp-json\/wp\/v2\/tags?post=5252"}],"curies":[{"name":"wp","href":"https:\/\/api.w.org\/{rel}","templated":true}]}}