{"id":5255,"date":"2024-05-20T13:40:23","date_gmt":"2024-05-20T11:40:23","guid":{"rendered":"https:\/\/serbenidorm.daliisolutions.com\/index.php\/2024\/05\/20\/el-psoe-de-benidorm-denuncia-el-recorte-de-aulas-de-infantil-y-primaria-en-la-ciudad\/"},"modified":"2024-05-20T13:40:23","modified_gmt":"2024-05-20T11:40:23","slug":"el-psoe-de-benidorm-denuncia-el-recorte-de-aulas-de-infantil-y-primaria-en-la-ciudad","status":"publish","type":"post","link":"https:\/\/serbenidorm.daliisolutions.com\/index.php\/2024\/05\/20\/el-psoe-de-benidorm-denuncia-el-recorte-de-aulas-de-infantil-y-primaria-en-la-ciudad\/","title":{"rendered":"El PSOE de Benidorm denuncia el recorte de aulas de Infantil y Primaria en la ciudad"},"content":{"rendered":"  <p>El Grupo Municipal Socialista ha alertado de que la Generalitat Valenciana \u201cse va a cargar\u201d el curso que viene distintas unidades de Infantil y Primaria en colegios p\u00fablicos de Benidorm.<\/p>   <p>Concretamente, han se\u00f1alado, <a href=\"https:\/\/cadenaser.com\/tag\/benidorm\/a\/\" target=\"_blank\" rel=\"noopener\">se va a cancelar un aula de Infantil de tres a\u00f1os en el CEIP Mestre Gaspar L\u00f3pez y no se va a habilitar una de Infantil de cuatro a\u00f1os ni una de primero y otra segundo de Primaria en el CEIP Vasco N\u00fa\u00f1ez de Balboa<\/a>. As\u00ed se desprende de la propuesta de arreglo escolar para el curso 2024-2025 presentada por la Conselleria de Educaci\u00f3n y que ahora se encuentra en fase de alegaciones.<\/p>  <p><p>M\u00e1s informaci\u00f3n<\/p><figure><img loading=\"lazy\" decoding=\"async\" src=\"https:\/\/cadenaser.com\/resizer\/v2\/6HMO5YI3VNH5VH5EUCYKY3JZEA.jpeg?auth=8842b29f085edb4549e52c84e0ede6fcfc00689b07c7557a378377064987573e&amp;quality=70&amp;width=360&amp;height=202&amp;smart=true\" width=\"820\" height=\"621\" \/><\/figure><ul><li><a href=\"https:\/\/cadenaser.com\/comunitat-valenciana\/2024\/04\/17\/la-escuela-oficial-de-idiomas-de-benidorm-protesta-ante-la-eliminacion-de-13-grupos-por-la-generalitat-radio-benidorm\/\"><span>La Escuela Oficial de Idiomas de Benidorm protesta ante la eliminaci\u00f3n de 13 grupos por la Generalitat<\/span><\/a><\/li><\/ul><\/p>   <p>El portavoz adjunto socialista, Sergi Castillo, ha calificado al alcalde Toni P\u00e9rez de \u00abc\u00f3mplice\u00bb de este nuevo \u00abestacazo del PP a la escuela p\u00fablica valenciana\u00bb. <\/p>   <p>Castillo ha mostrado as\u00ed su preocupaci\u00f3n por la respuesta que ha realizado P\u00e9rez esta ma\u00f1ana, al ser preguntado por estas medidas en la comisi\u00f3n informativa: \u00abPor un lado nos dice que apoya las alegaciones de los colegios y por otro justifica a sus jefes del PP, y que los recortes son consecuencia de la bajada de natalidad, cuando el alcalde sabe perfectamente que en Benidorm la situaci\u00f3n no es esa y hay que incrementar las plazas\u00bb.<\/p>   <p>Los colegios de Benidorm presentan alegaciones<\/p>   <p>El concejal socialista ha explicado que los centros de Benidorm afectados han presentado ya alegaciones para que el gobierno valenciano rectifique, alertando, entre otros motivos, que se va a perder profesorado y, con ello, la atenci\u00f3n al alumnado se va a ver considerablemente afectada; se perder\u00e1 el derecho de los estudiantes a repetir en cursos parejos; puede llegar a romper la armon\u00eda y cohesi\u00f3n de las clases; dificulta poder ofrecer la libertad de elecci\u00f3n de centro a las familias y adem\u00e1s incrementar\u00e1 la ratio que en algunos casos ya est\u00e1 por encima de los 25 alumnos por aula.<\/p>   <p>Con todo, ha expresado la solidaridad del PSOE con la comunidad escolar, asociaciones de padres y madres, alumnado y profesorado de los centros educativos de Benidorm \u00abque tienen que soportar y sufrir los brutales recortes del PP\u00bb.<\/p> ","protected":false},"excerpt":{"rendered":"<p>Eliminaci\u00f3n de aulas previsto en el plan de la Conselleria de Educaci\u00f3n para el pr\u00f3ximo curso<\/p>\n","protected":false},"author":0,"featured_media":5256,"comment_status":"open","ping_status":"open","sticky":false,"template":"","format":"standard","meta":{"_acf_changed":false,"footnotes":""},"categories":[1],"tags":[],"class_list":["post-5255","post","type-post","status-publish","format-standard","has-post-thumbnail","hentry","category-sin-categoria"],"acf":{"ser_id":"KR2EVF4J7VGEXOOIZPPEDUBYFM","ser_url":"https:\/\/cadenaser.com\/comunitat-valenciana\/2024\/05\/20\/el-psoe-de-benidorm-denuncia-el-recorte-de-aulas-de-infantil-y-primaria-en-la-ciudad-radio-benidorm\/"},"_links":{"self":[{"href":"https:\/\/serbenidorm.daliisolutions.com\/index.php\/wp-json\/wp\/v2\/posts\/5255","targetHints":{"allow":["GET"]}}],"collection":[{"href":"https:\/\/serbenidorm.daliisolutions.com\/index.php\/wp-json\/wp\/v2\/posts"}],"about":[{"href":"https:\/\/serbenidorm.daliisolutions.com\/index.php\/wp-json\/wp\/v2\/types\/post"}],"replies":[{"embeddable":true,"href":"https:\/\/serbenidorm.daliisolutions.com\/index.php\/wp-json\/wp\/v2\/comments?post=5255"}],"version-history":[{"count":0,"href":"https:\/\/serbenidorm.daliisolutions.com\/index.php\/wp-json\/wp\/v2\/posts\/5255\/revisions"}],"wp:featuredmedia":[{"embeddable":true,"href":"https:\/\/serbenidorm.daliisolutions.com\/index.php\/wp-json\/wp\/v2\/media\/5256"}],"wp:attachment":[{"href":"https:\/\/serbenidorm.daliisolutions.com\/index.php\/wp-json\/wp\/v2\/media?parent=5255"}],"wp:term":[{"taxonomy":"category","embeddable":true,"href":"https:\/\/serbenidorm.daliisolutions.com\/index.php\/wp-json\/wp\/v2\/categories?post=5255"},{"taxonomy":"post_tag","embeddable":true,"href":"https:\/\/serbenidorm.daliisolutions.com\/index.php\/wp-json\/wp\/v2\/tags?post=5255"}],"curies":[{"name":"wp","href":"https:\/\/api.w.org\/{rel}","templated":true}]}}