{"id":5285,"date":"2024-05-21T11:00:36","date_gmt":"2024-05-21T09:00:36","guid":{"rendered":"https:\/\/serbenidorm.daliisolutions.com\/index.php\/2024\/05\/21\/detenido-en-altea-un-fugitivo-internacional-buscado-por-drogas-y-organizacion-criminal\/"},"modified":"2024-05-21T11:00:36","modified_gmt":"2024-05-21T09:00:36","slug":"detenido-en-altea-un-fugitivo-internacional-buscado-por-drogas-y-organizacion-criminal","status":"publish","type":"post","link":"https:\/\/serbenidorm.daliisolutions.com\/index.php\/2024\/05\/21\/detenido-en-altea-un-fugitivo-internacional-buscado-por-drogas-y-organizacion-criminal\/","title":{"rendered":"Detenido en Altea un fugitivo internacional buscado por drogas y organizaci\u00f3n criminal"},"content":{"rendered":"  <p>La Guardia Civil de Alicante ha detenido a un hombre que se encontraba buscado por las autoridades polacas por delitos de tr\u00e1fico de drogas y organizaci\u00f3n criminal, y sobre quien la Audiencia Nacional ha ordenado el ingreso en prisi\u00f3n sin fianza.<\/p>   <p>Al detenido, un hombre polaco de 45 a\u00f1os, que se identific\u00f3 ante los agentes con un documento falso, se le imputa el delito de falsedad documental y una orden europea de detenci\u00f3n, seg\u00fan informan este martes desde la Guardia Civil.<\/p>   <p>El pasado 22 de abril, <a href=\"https:\/\/cadenaser.com\/tag\/altea\/a\/\" target=\"_blank\" rel=\"noopener\">agentes de la Guardia Civil de Calpe detuvieron un veh\u00edculo que levant\u00f3 sus sospechas en Altea<\/a>.<\/p>   <p>Documentaci\u00f3n falsa<\/p>   <p>Durante la identificaci\u00f3n de los ocupantes del veh\u00edculo, la patrulla solicit\u00f3 su documentaci\u00f3n. Al realizar el estudio de la misma, los agentes comprobaron como uno de los documentos no cumpl\u00eda con las medidas de seguridad y resultaba ser falso, por lo que detuvieron al sospechoso por un delito de falsedad documental, realizando averiguaciones para dar con la verdadera identidad de esa persona.<\/p>  <p><p>M\u00e1s informaci\u00f3n<\/p><figure><img loading=\"lazy\" decoding=\"async\" src=\"https:\/\/cadenaser.com\/resizer\/v2\/6CXRFHRYIRFHZGVEK2H7SAUYTU.jpeg?auth=4143d17929fd54bef0228636ba6ed9be14f670d7305ca4d162f7b9a193780c36&amp;quality=70&amp;width=360&amp;height=202&amp;smart=true\" width=\"820\" height=\"621\" \/><\/figure><ul><li><a href=\"https:\/\/cadenaser.com\/comunitat-valenciana\/2024\/05\/16\/un-juzgado-de-benidorm-abre-diligencias-al-jefe-de-la-policia-local-cesado-en-altea-por-falsificacion-de-documento-publico-radio-benidorm\/\"><span>Un juzgado de Benidorm abre diligencias al jefe de la Polic\u00eda Local cesado en Altea por falsificaci\u00f3n de documento p\u00fablico<\/span><\/a><\/li><\/ul><\/p>   <p>Tras realizar comprobaciones y contactar con diferentes polic\u00edas europeas, los agentes obtuvieron la verdadera identidad del detenido, que result\u00f3 ser un hombre de 45 a\u00f1os y de nacionalidad polaca.<\/p>   <p>Adem\u00e1s, los investigadores comprobaron que, sobre el detenido, pesaba una orden europea de detenci\u00f3n y entrega proveniente de Polonia, por la comisi\u00f3n de diferentes delitos, entre ellos organizaci\u00f3n criminal y tr\u00e1fico de drogas.<\/p>   <p>Finalmente, el 24 de abril fue puesto a disposici\u00f3n del Juzgado Central de Instrucci\u00f3n de Guardia de la Audiencia Nacional, quien decret\u00f3 su ingreso en prisi\u00f3n sin fianza. <\/p> ","protected":false},"excerpt":{"rendered":"<p> La Audiencia Nacional ha decretado su ingreso en prisi\u00f3n sin fianza<\/p>\n","protected":false},"author":0,"featured_media":5286,"comment_status":"open","ping_status":"open","sticky":false,"template":"","format":"standard","meta":{"_acf_changed":false,"footnotes":""},"categories":[1],"tags":[],"class_list":["post-5285","post","type-post","status-publish","format-standard","has-post-thumbnail","hentry","category-sin-categoria"],"acf":{"ser_id":"ZK4J673KB5BZHOFPONS6FB4ATY","ser_url":"https:\/\/cadenaser.com\/comunitat-valenciana\/2024\/05\/21\/detenido-en-altea-un-fugitivo-internacional-buscado-por-drogas-y-organizacion-criminal-radio-benidorm\/"},"_links":{"self":[{"href":"https:\/\/serbenidorm.daliisolutions.com\/index.php\/wp-json\/wp\/v2\/posts\/5285","targetHints":{"allow":["GET"]}}],"collection":[{"href":"https:\/\/serbenidorm.daliisolutions.com\/index.php\/wp-json\/wp\/v2\/posts"}],"about":[{"href":"https:\/\/serbenidorm.daliisolutions.com\/index.php\/wp-json\/wp\/v2\/types\/post"}],"replies":[{"embeddable":true,"href":"https:\/\/serbenidorm.daliisolutions.com\/index.php\/wp-json\/wp\/v2\/comments?post=5285"}],"version-history":[{"count":0,"href":"https:\/\/serbenidorm.daliisolutions.com\/index.php\/wp-json\/wp\/v2\/posts\/5285\/revisions"}],"wp:featuredmedia":[{"embeddable":true,"href":"https:\/\/serbenidorm.daliisolutions.com\/index.php\/wp-json\/wp\/v2\/media\/5286"}],"wp:attachment":[{"href":"https:\/\/serbenidorm.daliisolutions.com\/index.php\/wp-json\/wp\/v2\/media?parent=5285"}],"wp:term":[{"taxonomy":"category","embeddable":true,"href":"https:\/\/serbenidorm.daliisolutions.com\/index.php\/wp-json\/wp\/v2\/categories?post=5285"},{"taxonomy":"post_tag","embeddable":true,"href":"https:\/\/serbenidorm.daliisolutions.com\/index.php\/wp-json\/wp\/v2\/tags?post=5285"}],"curies":[{"name":"wp","href":"https:\/\/api.w.org\/{rel}","templated":true}]}}