{"id":5287,"date":"2024-05-21T11:49:59","date_gmt":"2024-05-21T09:49:59","guid":{"rendered":"https:\/\/serbenidorm.daliisolutions.com\/index.php\/2024\/05\/21\/alcoholicos-anonimos-grupos-en-benidorm-y-altea-para-permanecer-sobrios\/"},"modified":"2024-05-21T11:49:59","modified_gmt":"2024-05-21T09:49:59","slug":"alcoholicos-anonimos-grupos-en-benidorm-y-altea-para-permanecer-sobrios","status":"publish","type":"post","link":"https:\/\/serbenidorm.daliisolutions.com\/index.php\/2024\/05\/21\/alcoholicos-anonimos-grupos-en-benidorm-y-altea-para-permanecer-sobrios\/","title":{"rendered":"Alcoh\u00f3licos An\u00f3nimos: grupos en Benidorm y Altea \u00abpara permanecer sobrios\u00bb"},"content":{"rendered":"  <p>\u00abHola, soy X y soy alcoh\u00f3lico\u00bb. Esa es la carta de presentaci\u00f3n de cualquier persona que decide acudir a las reuniones de Alcoh\u00f3licos An\u00f3nimos, una comunidad internacional de ayuda mutua conformada por personas que se recuperan de esta enfermedad y que fue fundada en 1935.<\/p>   <p>Es el caso de <a href=\"https:\/\/cadenaser.com\/tag\/comarca_la_marina_baixa\/a\/\" target=\"_blank\" rel=\"noopener\">Mar\u00eda Eugenia y Dami\u00e1n, miembros de los grupos de Benidorm y Altea respectivamente<\/a>. Ambos compartieron su experiencia este lunes en La Ventana de la Marina Baixa. Sus inicios con la bebida, la dependencia f\u00edsica y emocional que se va generando, el tab\u00fa de reconocer los problemas con el alcohol o la llegada a esas reuniones \u00abcuyo \u00fanico objetivo era permanecer sobrios\u00bb.<\/p>  <p><p>M\u00e1s informaci\u00f3n<\/p><figure><img loading=\"lazy\" decoding=\"async\" src=\"https:\/\/cadenaser.com\/resizer\/v2\/O7ONT4F7IJGJPGVTBBCMLE3GKA.jpg?auth=136d644880333f9179606c3b19c3d706223e49cd3fbc2ba06e98d78eb0506360&amp;quality=70&amp;width=360&amp;height=202&amp;smart=true\" width=\"820\" height=\"621\" \/><\/figure><ul><li><a href=\"https:\/\/cadenaser.com\/comunitat-valenciana\/2023\/06\/15\/el-alcoholismo-no-entiende-de-sexo-ni-de-clase-social-ni-nivel-cultural-atrapa-a-todos-por-igual-radio-valencia\/\"><span>\u00abEl alcoholismo no entiende de sexo, ni de clase social, ni nivel cultural. Atrapa a todos por igual\u00bb<\/span><\/a><\/li><\/ul><\/p>   <p>\u00abUn alcoh\u00f3lico hablando con otro alcoh\u00f3lico est\u00e1 un tiempo sin beber o sin pensar en beber, ese es nuestro funcionamiento\u00bb, explican. Una enfermedad que no tiene g\u00e9nero ni clase: \u00abNo es el mito de la persona que est\u00e1 debajo de un puente\u00bb. <\/p>   <p>En Benidorm las reuniones tienen lugar cuatro reuniones a la semana en la calle Jardines, 2 donde \u00abpuede acudir cualquier persona que tenga problemas con el alcohol\u00bb. En el caso de Altea se desarrollan en el carrer La Mar, 91.<\/p>   <p>679 212 535<\/p>   <p>Es el tel\u00e9fono de atenci\u00f3n de Alcoh\u00f3licos An\u00f3nimos en la provincia de Alicante y est\u00e1 operativo las 24 horas del d\u00eda. Adem\u00e1s, tienen otros dos tel\u00e9fonos para consultas en ingl\u00e9s: 648 169 045 (zona norte) y 625 912 078 (zona sur). Y es que en esta provincia poblada por muchos residentes extranjeros tambi\u00e9n se organizan grupos de encuentro en otros idiomas, por ejemplo en Benidorm.<\/p>   <p>El 89 aniversario, en D\u00e9nia<\/p>   <p>Alcoh\u00f3licos An\u00f3nimos en Alicante celebrar\u00e1 el 89 aniversario de la organizaci\u00f3n con una jornada de convivencia el 14 de junio a mediod\u00eda en la Casa de Cultura de D\u00e9nia.<\/p>   <p><p><strong>Sigue el canal de la SER en WhatsApp<\/strong><br \/>Encontrar\u00e1s toda la informaci\u00f3n, el deporte y el entretenimiento: la actualidad del d\u00eda y las noticias de \u00faltima hora, los mejores v\u00eddeos y momentos de la radio, entrevistas, reportajes y mucho m\u00e1s.<\/p><a href=\"https:\/\/www.whatsapp.com\/channel\/0029Va633PF9WtC4l7XUzh1e\" title=\"Suscr\u00edbete\">Suscr\u00edbete ahora<\/a><\/p> ","protected":false},"excerpt":{"rendered":"<p>El tel\u00e9fono 679 212 535 atiende consultas relacionadas con la enfermedad en la provincia de Alicante las 24 horas del d\u00eda<\/p>\n","protected":false},"author":0,"featured_media":5288,"comment_status":"open","ping_status":"open","sticky":false,"template":"","format":"standard","meta":{"_acf_changed":false,"footnotes":""},"categories":[1],"tags":[],"class_list":["post-5287","post","type-post","status-publish","format-standard","has-post-thumbnail","hentry","category-sin-categoria"],"acf":{"ser_id":"44DSDAQD4NGULMDR5NYP5HKEQQ","ser_url":"https:\/\/cadenaser.com\/comunitat-valenciana\/2024\/05\/21\/alcoholicos-anonimos-grupos-en-benidorm-y-altea-para-permanecer-sobrios-radio-benidorm\/"},"_links":{"self":[{"href":"https:\/\/serbenidorm.daliisolutions.com\/index.php\/wp-json\/wp\/v2\/posts\/5287","targetHints":{"allow":["GET"]}}],"collection":[{"href":"https:\/\/serbenidorm.daliisolutions.com\/index.php\/wp-json\/wp\/v2\/posts"}],"about":[{"href":"https:\/\/serbenidorm.daliisolutions.com\/index.php\/wp-json\/wp\/v2\/types\/post"}],"replies":[{"embeddable":true,"href":"https:\/\/serbenidorm.daliisolutions.com\/index.php\/wp-json\/wp\/v2\/comments?post=5287"}],"version-history":[{"count":0,"href":"https:\/\/serbenidorm.daliisolutions.com\/index.php\/wp-json\/wp\/v2\/posts\/5287\/revisions"}],"wp:featuredmedia":[{"embeddable":true,"href":"https:\/\/serbenidorm.daliisolutions.com\/index.php\/wp-json\/wp\/v2\/media\/5288"}],"wp:attachment":[{"href":"https:\/\/serbenidorm.daliisolutions.com\/index.php\/wp-json\/wp\/v2\/media?parent=5287"}],"wp:term":[{"taxonomy":"category","embeddable":true,"href":"https:\/\/serbenidorm.daliisolutions.com\/index.php\/wp-json\/wp\/v2\/categories?post=5287"},{"taxonomy":"post_tag","embeddable":true,"href":"https:\/\/serbenidorm.daliisolutions.com\/index.php\/wp-json\/wp\/v2\/tags?post=5287"}],"curies":[{"name":"wp","href":"https:\/\/api.w.org\/{rel}","templated":true}]}}