{"id":5291,"date":"2024-05-21T13:00:48","date_gmt":"2024-05-21T11:00:48","guid":{"rendered":"https:\/\/serbenidorm.daliisolutions.com\/index.php\/2024\/05\/21\/el-nuevo-propietario-de-la-nucia-niega-la-posibilidad-de-que-el-equipo-compita-en-primera-rfef\/"},"modified":"2024-05-21T13:00:48","modified_gmt":"2024-05-21T11:00:48","slug":"el-nuevo-propietario-de-la-nucia-niega-la-posibilidad-de-que-el-equipo-compita-en-primera-rfef","status":"publish","type":"post","link":"https:\/\/serbenidorm.daliisolutions.com\/index.php\/2024\/05\/21\/el-nuevo-propietario-de-la-nucia-niega-la-posibilidad-de-que-el-equipo-compita-en-primera-rfef\/","title":{"rendered":"El nuevo propietario de La Nuc\u00eda niega la posibilidad de que el equipo compita en Primera RFEF"},"content":{"rendered":"  <p>Durante una larga comparecencia p\u00fablica de m\u00e1s de hora y media de duraci\u00f3n, el nuevo propietario del C.F. La Nuc\u00eda, Juan Carlos Ram\u00edrez, despej\u00f3 alguna de las muchas inc\u00f3gnitas que se han venido sucediendo durante las \u00faltimas semanas sobre el futuro del Alcoyano, entidad de la que tambi\u00e9n es propietario, y sobre la ahora desmentida posibilidad de que el equipo rojillo pudiera ocupar la plaza del hist\u00f3rico club de El Collao en Primera RFEF.<\/p>   <p>Si bien la pr\u00e1ctica totalidad de la comparecencia del empresario vasco se centr\u00f3 en la situaci\u00f3n del Alcoyano, <a href=\"https:\/\/cadenaser.com\/tag\/club_futbol_la_nucia\/a\/\" target=\"_blank\" rel=\"noopener\">Ram\u00edrez tambi\u00e9n aprovech\u00f3 para dejar una primera pincelada respecto sus planes al frente de la entidad del Camilo Cano<\/a>, a la que ya ha salvado, seg\u00fan ha asegurado, de una desaparici\u00f3n segura \u00abporque estaba en una situaci\u00f3n desastrosa\u00bb.<\/p>   <p>En ese sentido, Ram\u00edrez ha puesto el foco en el f\u00fatbol base. El empresario ha reconocido que tiene \u201cmuch\u00edsimos intereses en La Nuc\u00eda. No de ahora, sino de hace much\u00edsimos a\u00f1os\u00bb y que su idea para el primer equipo pasa por construir un proyecto adaptado a Tercera RFEF, categor\u00eda a la que el club ha descendido esta temporada\u00bb<\/p>   <p>El Alcoyano en el Camilo Cano<\/p>   <p>Otra de las opciones si el Ayuntamiento de Alcoy no cede a las demandas de mejoras en las instalaciones que exige Ram\u00edrez es que el a\u00f1o que viene el Alcoyano dispute sus partidos de Primera RFEF en el Camilo Cano nuciero: \u00abDonde no puede estar el Alcoyano es en estas instalaciones, independientemente del tema econ\u00f3mico\u00bb.<\/p>   <p>\u00abYo me llevo all\u00ed mi Alcoyano, a mi S.A., porque tengo el 97 % y porque tengo instalaciones deportivas y empresarios amigos m\u00edos de much\u00edsimo a\u00f1os que me van a ayudar\u00bb, ha desarrollado.<\/p>   <p><i>Habr\u00e1 ampliaci\u00f3n<\/i><\/p> ","protected":false},"excerpt":{"rendered":"<p>Los planes de Juan Carlos Ram\u00edrez pasan por hacer que el Alcoyano dispute la pr\u00f3xima temporada como local en el Camilo Cano<\/p>\n","protected":false},"author":0,"featured_media":5292,"comment_status":"open","ping_status":"open","sticky":false,"template":"","format":"standard","meta":{"_acf_changed":false,"footnotes":""},"categories":[1],"tags":[],"class_list":["post-5291","post","type-post","status-publish","format-standard","has-post-thumbnail","hentry","category-sin-categoria"],"acf":{"ser_id":"HUAIAEV575B5LAXGMKO33FKMUY","ser_url":"https:\/\/cadenaser.com\/comunitat-valenciana\/2024\/05\/21\/el-nuevo-propietario-de-la-nucia-niega-la-posibilidad-de-que-el-equipo-rojillo-compita-en-primera-rfef-radio-benidorm\/"},"_links":{"self":[{"href":"https:\/\/serbenidorm.daliisolutions.com\/index.php\/wp-json\/wp\/v2\/posts\/5291","targetHints":{"allow":["GET"]}}],"collection":[{"href":"https:\/\/serbenidorm.daliisolutions.com\/index.php\/wp-json\/wp\/v2\/posts"}],"about":[{"href":"https:\/\/serbenidorm.daliisolutions.com\/index.php\/wp-json\/wp\/v2\/types\/post"}],"replies":[{"embeddable":true,"href":"https:\/\/serbenidorm.daliisolutions.com\/index.php\/wp-json\/wp\/v2\/comments?post=5291"}],"version-history":[{"count":0,"href":"https:\/\/serbenidorm.daliisolutions.com\/index.php\/wp-json\/wp\/v2\/posts\/5291\/revisions"}],"wp:featuredmedia":[{"embeddable":true,"href":"https:\/\/serbenidorm.daliisolutions.com\/index.php\/wp-json\/wp\/v2\/media\/5292"}],"wp:attachment":[{"href":"https:\/\/serbenidorm.daliisolutions.com\/index.php\/wp-json\/wp\/v2\/media?parent=5291"}],"wp:term":[{"taxonomy":"category","embeddable":true,"href":"https:\/\/serbenidorm.daliisolutions.com\/index.php\/wp-json\/wp\/v2\/categories?post=5291"},{"taxonomy":"post_tag","embeddable":true,"href":"https:\/\/serbenidorm.daliisolutions.com\/index.php\/wp-json\/wp\/v2\/tags?post=5291"}],"curies":[{"name":"wp","href":"https:\/\/api.w.org\/{rel}","templated":true}]}}