{"id":5335,"date":"2024-05-22T13:51:27","date_gmt":"2024-05-22T11:51:27","guid":{"rendered":"https:\/\/serbenidorm.daliisolutions.com\/index.php\/2024\/05\/22\/coempa-rinde-homenaje-a-tres-empresas-de-lalfas-del-pi-en-su-novena-gala-de-entrega-de-premios\/"},"modified":"2024-05-22T13:51:27","modified_gmt":"2024-05-22T11:51:27","slug":"coempa-rinde-homenaje-a-tres-empresas-de-lalfas-del-pi-en-su-novena-gala-de-entrega-de-premios","status":"publish","type":"post","link":"https:\/\/serbenidorm.daliisolutions.com\/index.php\/2024\/05\/22\/coempa-rinde-homenaje-a-tres-empresas-de-lalfas-del-pi-en-su-novena-gala-de-entrega-de-premios\/","title":{"rendered":"Coempa rinde homenaje a tres empresas de L&#8217;Alf\u00e0s del Pi en su novena gala de entrega de premios"},"content":{"rendered":"  <p>Los comerciantes de L&#8217;Alf\u00e0s del Pi se visten de largo para celebrar la <a href=\"https:\/\/cadenaser.com\/comunitat-valenciana\/2023\/06\/08\/lalfas-acoge-este-sabado-la-gala-de-entrega-de-los-premios-coempa-a-la-trayectoria-empresarial-radio-benidorm\/\" target=\"_blank\" rel=\"noopener\">novena gala de de entrega de los \u00abPremios COEMPA L&#8217;Alf\u00e0s 2024\u00bb<\/a> que se celebrar\u00e1 este pr\u00f3ximo s\u00e1bado 25 de mayo a las 20.30 horas en el auditorio de la Casa de Cultura.<\/p>   <p>El presidente <a href=\"https:\/\/cadenaser.com\/audio\/1716201818866\/\" target=\"_blank\" rel=\"noopener\">COEMPA<\/a>, Silvio Monroy, y su vicepresidenta, Amparo D\u00edaz, han explicado en <a href=\"https:\/\/cadenaser.com\/audio\/1716201818866\/\" target=\"_blank\" rel=\"noopener\">Hoy por Hoy Benidorm <\/a>que son tres las empresas que recibir\u00e1n este a\u00f1o el reconocimiento de la asociaci\u00f3n \u00abpor su trayectoria y su buen hacer\u00bb.<\/p>   <p>Se trata de dos empresas radicada en el n\u00facleo urbano y otra con sede en El Albir: Cocinas Dise\u00f1o, Instituto Vetermed y Quiropr\u00e1ctica Kiro Nilsson-Gentle Touch Chiropractic.<\/p>   <p>El homenaje se rendir\u00e1 en una gala abierta al p\u00fablico, que pondr\u00e1 el foco en la historia personal escondida tras cada premio. Adem\u00e1s el evento tendr\u00e1 un componente festivo con la con m\u00fasica en directo de \u2018Candela y rumba\u2019 muy conocidos en el circuito de la m\u00fasica en vivo en la Marina Baixa, y que, adem\u00e1s de sus propias versiones de muchos grandes \u00e9xitos tambi\u00e9n interpretar\u00e1n varios temas propios.<\/p>   <p>La noche tambi\u00e9n servir\u00e1 para reivindicar el importante papel del comercio local. \u00abEstos premios se crearon para reconocer a aquellos hombres y mujeres que, adem\u00e1s de haber completado una larga trayectoria al frente de sus negocios en l\u2019Alf\u00e0s del Pi, han destacado por aportar propuestas marcadas por la calidad y el mimo hacia sus clientes, algo que consideramos fundamental en nuestro modelo de comercio\u201d, afirma Monroy.<\/p>   <p>     .c-w{         max-width:444px;         width:100%;         margin:16px auto;      background:#00755E;         border-radius:4px;         display:flex;         align-items:center;         justify-content:center;     }     .c-w a{         display:flex;         align-items:center;         justify-content:center;         padding:4px 24px;     }     .c-w img{         width:24px;         margin-right:12px;     }     .c-w p{         font:18px\/25px Poppins;         text-align:center;         color:#fff;         margin:0;     }     @media (max-width:444px){         .c-w a{             padding:4px 12px;         }         .c-w img{             width:24px;             margin-right:8px;         }         .c-w p{             font:14px\/25px Poppins;         }     }     @media (max-width:335px){         .c-w p{             font:13px\/25px Poppins;         }     }  <div class=\"c-w\">     <a href=\"https:\/\/www.whatsapp.com\/channel\/0029Va633PF9WtC4l7XUzh1e\" target=\"_blank\" rel=\"noopener\">         <img decoding=\"async\" src=\"https:\/\/cadenaser.com\/estaticos\/recursosgraficos\/responsive\/img\/ico-whatsapp.svg\" alt=\"Whatsapp\">         <p>\u00danete al <b>canal de WhatsApp<\/b> de la SER<\/p>     <\/a> <\/div><\/p> ","protected":false},"excerpt":{"rendered":"<p>Se celebra el s\u00e1bado 25 de mayo en la Casa de Cultura y premia a Cocinas Dise\u00f1o, Instituto Vetermed y Quiropr\u00e1ctica Kiro Nilsson-Gentle Touch Chiropractic.<\/p>\n","protected":false},"author":0,"featured_media":5336,"comment_status":"open","ping_status":"open","sticky":false,"template":"","format":"standard","meta":{"_acf_changed":false,"footnotes":""},"categories":[1],"tags":[],"class_list":["post-5335","post","type-post","status-publish","format-standard","has-post-thumbnail","hentry","category-sin-categoria"],"acf":{"ser_id":"KF5MG3ITAVBJTETSSVBE7ZXXT4","ser_url":"https:\/\/cadenaser.com\/comunitat-valenciana\/2024\/05\/22\/coempa-rinde-homenaje-a-tres-empresas-de-lalfas-del-pi-en-su-novena-gala-de-entrega-de-premios-radio-benidorm\/"},"_links":{"self":[{"href":"https:\/\/serbenidorm.daliisolutions.com\/index.php\/wp-json\/wp\/v2\/posts\/5335","targetHints":{"allow":["GET"]}}],"collection":[{"href":"https:\/\/serbenidorm.daliisolutions.com\/index.php\/wp-json\/wp\/v2\/posts"}],"about":[{"href":"https:\/\/serbenidorm.daliisolutions.com\/index.php\/wp-json\/wp\/v2\/types\/post"}],"replies":[{"embeddable":true,"href":"https:\/\/serbenidorm.daliisolutions.com\/index.php\/wp-json\/wp\/v2\/comments?post=5335"}],"version-history":[{"count":0,"href":"https:\/\/serbenidorm.daliisolutions.com\/index.php\/wp-json\/wp\/v2\/posts\/5335\/revisions"}],"wp:featuredmedia":[{"embeddable":true,"href":"https:\/\/serbenidorm.daliisolutions.com\/index.php\/wp-json\/wp\/v2\/media\/5336"}],"wp:attachment":[{"href":"https:\/\/serbenidorm.daliisolutions.com\/index.php\/wp-json\/wp\/v2\/media?parent=5335"}],"wp:term":[{"taxonomy":"category","embeddable":true,"href":"https:\/\/serbenidorm.daliisolutions.com\/index.php\/wp-json\/wp\/v2\/categories?post=5335"},{"taxonomy":"post_tag","embeddable":true,"href":"https:\/\/serbenidorm.daliisolutions.com\/index.php\/wp-json\/wp\/v2\/tags?post=5335"}],"curies":[{"name":"wp","href":"https:\/\/api.w.org\/{rel}","templated":true}]}}