{"id":5350,"date":"2024-05-22T20:57:51","date_gmt":"2024-05-22T18:57:51","guid":{"rendered":"https:\/\/serbenidorm.daliisolutions.com\/index.php\/2024\/05\/22\/asi-es-la-oferta-de-trabajo-para-un-hotel-de-benidorm-que-ha-provocado-la-indignacion-de-las-kellys\/"},"modified":"2024-05-22T20:57:51","modified_gmt":"2024-05-22T18:57:51","slug":"asi-es-la-oferta-de-trabajo-para-un-hotel-de-benidorm-que-ha-provocado-la-indignacion-de-las-kellys","status":"publish","type":"post","link":"https:\/\/serbenidorm.daliisolutions.com\/index.php\/2024\/05\/22\/asi-es-la-oferta-de-trabajo-para-un-hotel-de-benidorm-que-ha-provocado-la-indignacion-de-las-kellys\/","title":{"rendered":"As\u00ed es la oferta de trabajo para un hotel de Benidorm que ha provocado la indignaci\u00f3n de las Kellys"},"content":{"rendered":"  <p>Las Kellys de Benidorm y la Marina Baixa han denunciado en sus redes sociales la pol\u00e9mica oferta de empleo de una empresa de servicios que aseguraba buscar<a href=\"https:\/\/cadenaser.com\/tag\/benidorm\/a\/\" target=\"_blank\" rel=\"noopener\"> \u00abcamareros\/as de piso en Benidorm con un a\u00f1o de experiencia, alto nivel de aseo, pluriling\u00fce y resiliencia ante contratiempos. Contrato fijo discontinuo y 30 horas semanales por 1.290 euros brutos al mes\u00bb<\/a>.<\/p>   <p>Esta publicaci\u00f3n en la conocida plataforma Infojobs ha desatado una ola de cr\u00edticas especialmente debida a los t\u00e9rminos de &#8216;alto nivel de aseo&#8217; y &#8216;pluriling\u00fce&#8217;: \u00abNos parece indignante. Quiz\u00e1s terminemos sudadas y hartas, pero nosotras no vamos sucias a trabajar\u00bb, ha manifestado en declaraciones a <a href=\"https:\/\/cadenaser.com\/tag\/comarca_la_marina_baixa\/a\/\" target=\"_blank\" rel=\"noopener\">Radio Benidorm<\/a> la portavoz de la asociaci\u00f3n en la capital tur\u00edstica Yolanda Garc\u00eda.<\/p>   <p><div class=\"oembed twitter\"><blockquote class=\"twitter-tweet\"><p lang=\"es\" dir=\"ltr\">Atentos a los requisitos para  trabajar de camarera de pisos. <br>alto nivel de aseo personal  como si fu\u00e9ramos sucias a trabajar .<br>Resiliencia ante los contratiempos (adaptarse a situaciones de estr\u00e9s ) y subcontratada , ni siquiera en plantilla  saber idiomas <a href=\"https:\/\/t.co\/r8nwxqKKF7\">pic.twitter.com\/r8nwxqKKF7<\/a><\/p>\u2014 Las kellys Benidorm (@kellysbenidorm) <a href=\"https:\/\/twitter.com\/kellysbenidorm\/status\/1792642726149689766?ref_src=twsrc%5Etfw\">May 20, 2024<\/a><\/blockquote>   <\/div><\/p>   <p>Expresiones que la propia empresa, Eulen, ya se ha encargado de eliminar tras ver la repercusi\u00f3n de su aparici\u00f3n en el diario EL PA\u00cdS y de la denuncia de las Kellys de Benidorm, que tambi\u00e9n ponen el foco tambi\u00e9n en otro requisito que no ha sido eliminado, la capacidad de resiliencia: \u00abYa est\u00e1s diciendo que tu trabajo tiene que ser estresante y agobiante y que t\u00fa tienes que adaptarte. No se\u00f1ores. Hay que cumplir una ley de prevenci\u00f3n de riesgos laborales\u00bb, ha subrayado Garc\u00eda.<\/p>  <p><figure><img loading=\"lazy\" decoding=\"async\" src=\"https:\/\/cadenaser.com\/resizer\/v2\/AOOVDCCSWNIE7CDH4LHLNMFOIM.jpg?auth=0e60b809ae1c5529ae9b0179724a7b8941b55cedd353edf5fc55094e6bebeb49&amp;quality=70&amp;width=360&amp;height=202&amp;smart=true\" alt=\"Las Kellys lamentan que no se convoquen las mesas de trabajo para calcular la carga que pueden soportar\" width=\"240\" height=\"135\" \/><\/figure><div><a href=\"https:\/\/cadenaser.com\/comunitat-valenciana\/2024\/05\/01\/las-kellys-lamentan-que-no-se-convoquen-las-mesas-de-trabajo-para-calcular-la-carga-que-pueden-soportar-radio-alicante\/\">Las Kellys lamentan que no se convoquen las mesas de trabajo para calcular la carga que pueden soportar<\/a><p><\/p><\/div><\/p>   <p>\u00abHay que cumplir con la ley precisamente para que no tengas que recurrir a pastillas para soportar unas condiciones que no son normales\u00bb, ha continuado explicando la portavoz de las Kellys: \u00abLo denunciamos en las redes y las compa\u00f1eras comenzaron a comentar muchas cosas con respecto a estar externalizadas. Basta ya de la externalizaci\u00f3n que nos hace estar todav\u00eda m\u00e1s precarizadas\u00bb.<\/p>   <p>La &#8216;Cara B&#8217; del turismo<\/p>   <p>Ya son habituales las reivindicaciones del sector, unas peticiones que se ponen todav\u00eda m\u00e1s de relieve cada vez que se aproxima la temporada alta.<b> <\/b>Mientras se baten r\u00e9cords de ocupaci\u00f3n, este colectivo lamenta que las Mesas de Trabajo para calcular esa carga en la provincia de Alicante se haya quedado, por ahora, tan solo en un papel <a href=\"https:\/\/cadenaser.com\/comunitat-valenciana\/2023\/07\/14\/el-nuevo-convenio-de-hosteleria-de-la-provincia-de-alicante-incrementara-un-4-los-salarios-en-2023-radio-alicante\/\" target=\"_blank\" rel=\"noopener\">cuando se aprob\u00f3 el convenio de Hosteler\u00eda hace cerca de un a\u00f1o<\/a>.<\/p>   <p>     .c-w{         max-width:444px;         width:100%;         margin:16px auto;      background:#00755E;         border-radius:4px;         display:flex;         align-items:center;         justify-content:center;     }     .c-w a{         display:flex;         align-items:center;         justify-content:center;         padding:4px 24px;     }     .c-w img{         width:24px;         margin-right:12px;     }     .c-w p{         font:18px\/25px Poppins;         text-align:center;         color:#fff;         margin:0;     }     @media (max-width:444px){         .c-w a{             padding:4px 12px;         }         .c-w img{             width:24px;             margin-right:8px;         }         .c-w p{             font:14px\/25px Poppins;         }     }     @media (max-width:335px){         .c-w p{             font:13px\/25px Poppins;         }     }  <div class=\"c-w\">     <a href=\"https:\/\/www.whatsapp.com\/channel\/0029Va633PF9WtC4l7XUzh1e\" target=\"_blank\" rel=\"noopener\">         <img decoding=\"async\" src=\"https:\/\/cadenaser.com\/estaticos\/recursosgraficos\/responsive\/img\/ico-whatsapp.svg\" alt=\"Whatsapp\">         <p>\u00danete al <b>canal de WhatsApp<\/b> de la SER<\/p>     <\/a> <\/div><\/p> ","protected":false},"excerpt":{"rendered":"<p>\u201cAlto nivel de aseo\u201d, \u201cpluriling\u00fce\u201d o \u201cresiliencia ante contratiempos\u201d, entre los requisitos para ser camarera de piso por el salario m\u00ednimo interprofesional<\/p>\n","protected":false},"author":0,"featured_media":5351,"comment_status":"open","ping_status":"open","sticky":false,"template":"","format":"standard","meta":{"_acf_changed":false,"footnotes":""},"categories":[1],"tags":[],"class_list":["post-5350","post","type-post","status-publish","format-standard","has-post-thumbnail","hentry","category-sin-categoria"],"acf":{"ser_id":"LDBPMXZRJRHIVPN6CVBIO27UJU","ser_url":"https:\/\/cadenaser.com\/comunitat-valenciana\/2024\/05\/22\/asi-es-la-oferta-de-trabajo-para-un-hotel-de-benidorm-que-ha-provocado-la-indignacion-de-las-kellys-radio-benidorm\/"},"_links":{"self":[{"href":"https:\/\/serbenidorm.daliisolutions.com\/index.php\/wp-json\/wp\/v2\/posts\/5350","targetHints":{"allow":["GET"]}}],"collection":[{"href":"https:\/\/serbenidorm.daliisolutions.com\/index.php\/wp-json\/wp\/v2\/posts"}],"about":[{"href":"https:\/\/serbenidorm.daliisolutions.com\/index.php\/wp-json\/wp\/v2\/types\/post"}],"replies":[{"embeddable":true,"href":"https:\/\/serbenidorm.daliisolutions.com\/index.php\/wp-json\/wp\/v2\/comments?post=5350"}],"version-history":[{"count":0,"href":"https:\/\/serbenidorm.daliisolutions.com\/index.php\/wp-json\/wp\/v2\/posts\/5350\/revisions"}],"wp:featuredmedia":[{"embeddable":true,"href":"https:\/\/serbenidorm.daliisolutions.com\/index.php\/wp-json\/wp\/v2\/media\/5351"}],"wp:attachment":[{"href":"https:\/\/serbenidorm.daliisolutions.com\/index.php\/wp-json\/wp\/v2\/media?parent=5350"}],"wp:term":[{"taxonomy":"category","embeddable":true,"href":"https:\/\/serbenidorm.daliisolutions.com\/index.php\/wp-json\/wp\/v2\/categories?post=5350"},{"taxonomy":"post_tag","embeddable":true,"href":"https:\/\/serbenidorm.daliisolutions.com\/index.php\/wp-json\/wp\/v2\/tags?post=5350"}],"curies":[{"name":"wp","href":"https:\/\/api.w.org\/{rel}","templated":true}]}}