{"id":5352,"date":"2024-05-22T20:57:51","date_gmt":"2024-05-22T18:57:51","guid":{"rendered":"https:\/\/serbenidorm.daliisolutions.com\/index.php\/2024\/05\/22\/cinco-colegios-de-benidorm-participan-en-lescola-canta-este-jueves-en-el-auditorio-julio-iglesias\/"},"modified":"2024-05-22T20:57:51","modified_gmt":"2024-05-22T18:57:51","slug":"cinco-colegios-de-benidorm-participan-en-lescola-canta-este-jueves-en-el-auditorio-julio-iglesias","status":"publish","type":"post","link":"https:\/\/serbenidorm.daliisolutions.com\/index.php\/2024\/05\/22\/cinco-colegios-de-benidorm-participan-en-lescola-canta-este-jueves-en-el-auditorio-julio-iglesias\/","title":{"rendered":"Cinco colegios de Benidorm participan en L&#8217;Escola Canta este jueves en el Auditorio Julio Iglesias"},"content":{"rendered":"  <p>Por segundo a\u00f1o consecutivo Benidorm se suma a la iniciativa L&#8217;Escola Canta que pretende fomentar el uso del valenciano, valores de desarrollo sostenible y de sostenibilidad empleando la m\u00fasica o las artes esc\u00e9nicas como veh\u00edculo. <\/p>   <p>En esta edici\u00f3n participan cinco centros educativos p\u00fablicos de la ciudad cuyos alumnos actuar\u00e1n este jueves d\u00eda 23 de mayo en el Auditorio Julio Iglesias del Parque de L&#8217;Aig\u00fcera junto con el Conservatorio Municipal de M\u00fasica Jos\u00e9 P\u00e9rez Barcel\u00f3.  Se trata de los CEIP Ausi\u00e0s March, Vasco N\u00fa\u00f1ez de Balboa, Bautista Lled\u00f3, Aitana y Els Tolls.<\/p>   <p>El director del Conservatorio Municipal de M\u00fasica de Benidorm, Jos\u00e9 Miguel Moll\u00e0, y los profesores de m\u00fasica V\u00edctor Pastor (CEIP Aitana), Izaga Plata (CEIP Ausi\u00e0s March), Jano Villanueva (CEIP Bautista Lled\u00f3) y Yaiza Riera (CEIP Els Tolls)  han estado, junto a una representaci\u00f3n de sus alumnos, en<a href=\"\/\/radiobenidorm.es\" target=\"_blank\" rel=\"noopener\"> Hoy por Hoy Benidorm<\/a> y nos han explicado c\u00f3mo surgi\u00f3 esta iniciativa y c\u00f3mo han trabajado en clase los Objetivos de Desarrollo Sostenible a trav\u00e9s de la m\u00fasica.<\/p>   <p>Ademas una representaci\u00f3n de los alumnos que actuar\u00e1n en L&#8217;Escola Canta han interpretado en nuestros estudios una de las canciones que formar\u00e1n parte del repertorio del recital que dar\u00e1 inicio a las 19:30 horas. <\/p>   <p>El evento programado para este jueves dar\u00e1 cita a cerca de 250 estudiantes de Primaria de Benidorm en el concierto de clausura de este proyecto desarrollado en este curso 2022\/2023.<\/p>   <p>     .c-w{         max-width:444px;         width:100%;         margin:16px auto;      background:#00755E;         border-radius:4px;         display:flex;         align-items:center;         justify-content:center;     }     .c-w a{         display:flex;         align-items:center;         justify-content:center;         padding:4px 24px;     }     .c-w img{         width:24px;         margin-right:12px;     }     .c-w p{         font:18px\/25px Poppins;         text-align:center;         color:#fff;         margin:0;     }     @media (max-width:444px){         .c-w a{             padding:4px 12px;         }         .c-w img{             width:24px;             margin-right:8px;         }         .c-w p{             font:14px\/25px Poppins;         }     }     @media (max-width:335px){         .c-w p{             font:13px\/25px Poppins;         }     }  <div class=\"c-w\">     <a href=\"https:\/\/www.whatsapp.com\/channel\/0029Va633PF9WtC4l7XUzh1e\" target=\"_blank\" rel=\"noopener\">         <img decoding=\"async\" src=\"https:\/\/cadenaser.com\/estaticos\/recursosgraficos\/responsive\/img\/ico-whatsapp.svg\" alt=\"Whatsapp\">         <p>\u00danete al <b>canal de WhatsApp<\/b> de la SER<\/p>     <\/a> <\/div><\/p>   <p>Respaldado por las Concejal\u00edas de Cultura y Educaci\u00f3n, el proyecto de la Conselleria de Educaci\u00f3n se estren\u00f3 el pasado a\u00f1o en Benidorm y en esta edici\u00f3n ha contado con la colaboraci\u00f3n del Conservatorio Municipal de M\u00fasica \u2018Jos\u00e9 P\u00e9rez Barcel\u00f3\u2019.<\/p>   <p>As\u00ed, ser\u00e1 la banda del conservatorio quien acompa\u00f1e sobre el escenario del auditorio Julio Iglesias del Parque de l\u2019Aig\u00fcera a los estudiantes de los centros educativos participantes. <\/p> ","protected":false},"excerpt":{"rendered":"<p>Cerca de 250 alumnos actuar\u00e1n apoyados por m\u00fasicos del Conservatorio Municipal de M\u00fasica<\/p>\n","protected":false},"author":0,"featured_media":5353,"comment_status":"open","ping_status":"open","sticky":false,"template":"","format":"standard","meta":{"_acf_changed":false,"footnotes":""},"categories":[1],"tags":[],"class_list":["post-5352","post","type-post","status-publish","format-standard","has-post-thumbnail","hentry","category-sin-categoria"],"acf":{"ser_id":"UR7HBYBH4ZHW3AYKLLKCJKVRKI","ser_url":"https:\/\/cadenaser.com\/comunitat-valenciana\/2024\/05\/22\/cinco-colegios-de-benidorm-participan-en-lescola-canta-este-jueves-en-el-auditorio-julio-iglesias-radio-benidorm\/"},"_links":{"self":[{"href":"https:\/\/serbenidorm.daliisolutions.com\/index.php\/wp-json\/wp\/v2\/posts\/5352","targetHints":{"allow":["GET"]}}],"collection":[{"href":"https:\/\/serbenidorm.daliisolutions.com\/index.php\/wp-json\/wp\/v2\/posts"}],"about":[{"href":"https:\/\/serbenidorm.daliisolutions.com\/index.php\/wp-json\/wp\/v2\/types\/post"}],"replies":[{"embeddable":true,"href":"https:\/\/serbenidorm.daliisolutions.com\/index.php\/wp-json\/wp\/v2\/comments?post=5352"}],"version-history":[{"count":0,"href":"https:\/\/serbenidorm.daliisolutions.com\/index.php\/wp-json\/wp\/v2\/posts\/5352\/revisions"}],"wp:featuredmedia":[{"embeddable":true,"href":"https:\/\/serbenidorm.daliisolutions.com\/index.php\/wp-json\/wp\/v2\/media\/5353"}],"wp:attachment":[{"href":"https:\/\/serbenidorm.daliisolutions.com\/index.php\/wp-json\/wp\/v2\/media?parent=5352"}],"wp:term":[{"taxonomy":"category","embeddable":true,"href":"https:\/\/serbenidorm.daliisolutions.com\/index.php\/wp-json\/wp\/v2\/categories?post=5352"},{"taxonomy":"post_tag","embeddable":true,"href":"https:\/\/serbenidorm.daliisolutions.com\/index.php\/wp-json\/wp\/v2\/tags?post=5352"}],"curies":[{"name":"wp","href":"https:\/\/api.w.org\/{rel}","templated":true}]}}